{"id":62047,"date":"2023-10-18T07:09:39","date_gmt":"2023-10-18T14:09:39","guid":{"rendered":"https:\/\/silverlakeblog.com\/dia-de-los-muertos-en-los-angeles-2023-programa-de-eventos-en-los-angeles\/"},"modified":"2023-10-12T02:08:57","modified_gmt":"2023-10-12T09:08:57","slug":"dia-de-los-muertos-los-angeles","status":"publish","type":"post","link":"https:\/\/silverlakeblog.com\/es\/dia-de-los-muertos-los-angeles\/","title":{"rendered":"D\u00eda de los Muertos en Los \u00c1ngeles 2023 | Programa de eventos en Los \u00c1ngeles"},"content":{"rendered":"\n<blockquote class=\"wp-block-quote is-layout-flow wp-block-quote-is-layout-flow\">\n<p><\/p>\n\n\n\n<p>\u00abTodos sufrimos tres muertes. La primera muerte es el d\u00eda en que damos nuestro \u00faltimo aliento o el d\u00eda en que morimos. La segunda muerte es el d\u00eda en que nos entierran, para no volver a vernos sobre la faz de la Tierra. La tercera muerte, la m\u00e1s temida de todas, es ser olvidados\u00bb.<\/p>\n<cite>Chicana Altarista, Ofelia Esparza de LA Mag<br><\/cite><\/blockquote>\n\n\n<div class=\"wp-block-image\">\n<figure class=\"aligncenter size-large\"><a href=\"https:\/\/silverlakeblog.com\/wp-content\/uploads\/2023\/08\/Silverlake-Blogs-1200x600-Graphic-Template.png\"><img decoding=\"async\" src=\"data:image\/svg+xml,%3Csvg%20xmlns='http:\/\/www.w3.org\/2000\/svg'%20viewBox='0%200%20370%20247'%3E%3C\/svg%3E\" data-lazy-src=\"https:\/\/silverlakeblog.com\/wp-content\/uploads\/2023\/08\/Silverlake-Blogs-1200x600-Graphic-Template-1024x512.png\" alt=\"Dia De Los Muertos Los Angeles\" class=\"zeen-lazy-load-base zeen-lazy-load wp-image-61551\"><noscript><img decoding=\"async\" width=\"1024\" height=\"512\" src=\"https:\/\/silverlakeblog.com\/wp-content\/uploads\/2023\/08\/Silverlake-Blogs-1200x600-Graphic-Template-1024x512.png\" alt=\"Dia De Los Muertos Los Angeles\" class=\"wp-image-61551\" srcset=\"https:\/\/silverlakeblog.com\/wp-content\/uploads\/2023\/08\/Silverlake-Blogs-1200x600-Graphic-Template-1024x512.png 1024w, https:\/\/silverlakeblog.com\/wp-content\/uploads\/2023\/08\/Silverlake-Blogs-1200x600-Graphic-Template-300x150.png 300w, https:\/\/silverlakeblog.com\/wp-content\/uploads\/2023\/08\/Silverlake-Blogs-1200x600-Graphic-Template-770x385.png 770w, https:\/\/silverlakeblog.com\/wp-content\/uploads\/2023\/08\/Silverlake-Blogs-1200x600-Graphic-Template-585x293.png 585w, https:\/\/silverlakeblog.com\/wp-content\/uploads\/2023\/08\/Silverlake-Blogs-1200x600-Graphic-Template-1170x585.png 1170w, https:\/\/silverlakeblog.com\/wp-content\/uploads\/2023\/08\/Silverlake-Blogs-1200x600-Graphic-Template-293x147.png 293w, https:\/\/silverlakeblog.com\/wp-content\/uploads\/2023\/08\/Silverlake-Blogs-1200x600-Graphic-Template.png 1200w\" sizes=\"(max-width: 1024px) 100vw, 1024px\" \/><\/noscript><\/a><figcaption class=\"wp-element-caption\"><strong>Este post fue actualizado el 10\/05\/23<\/strong><\/figcaption><\/figure>\n<\/div>\n\n\n<h3 class=\"wp-block-heading\" id=\"h-what-is-dia-de-los-muertos-day-of-the-dead\">\u00bfQu\u00e9 es el D\u00eda de los Muertos?<br><\/h3>\n\n\n\n<p>Lanzada al mundo por las mentes creativas de Walt Disney Pictures en 2017, Coco nos invita a adentrarnos en el apasionante viaje de un joven mexicano llamado Miguel, que se ve envuelto en el m\u00edstico tapiz de la Tierra de los Muertos. Esta maravilla cinematogr\u00e1fica est\u00e1 impregnada del rico tapiz cultural del D\u00eda de los Muertos, adornado con intrincadas calaveras y las vibrantes flores de cal\u00e9ndula que encierran historias de recuerdo. Y he aqu\u00ed que, gracias a la maravillosa influencia de Coco, el D\u00eda de los Muertos se ha entretejido con gracia en el tejido mismo de las festividades de Halloween en todo Estados Unidos.<\/p>\n\n\n\n<p>Sin embargo, si nos remontamos a la d\u00e9cada de 1970, los artesanos chicanos del vibrante tapiz del este de Los \u00c1ngeles tomaron el relevo de popularizar esta celebraci\u00f3n. Sus animosos esfuerzos se basaron en una tradici\u00f3n ind\u00edgena que se hab\u00eda fusionado con gracia con los rituales cat\u00f3licos del D\u00eda de Todos los Santos y el D\u00eda de los Difuntos, que se celebran los dos primeros d\u00edas de noviembre. Y ahora, cuando el cautivador encanto del D\u00eda de los Muertos alcanza su cenit, embellecido por el arte comercial e incluso con un toque de magia Disney, los que honran este antiguo d\u00eda de conmemoraci\u00f3n se preguntan si la tan buscada visibilidad ha llegado a un precio demasiado alto para soportarlo.<\/p>\n\n\n\n<p>Dentro de esta cautivadora evoluci\u00f3n se encuentra el legado del renombrado artista pol\u00edtico y lit\u00f3grafo mexicano Jos\u00e9 Guadalupe Posada. Sus pinceladas, hace m\u00e1s de un siglo, caricaturizaban descaradamente la corrupci\u00f3n pol\u00edtica a trav\u00e9s de las caprichosas formas de las calacas, esos animados esqueletos. Se le atribuye la creaci\u00f3n de la ic\u00f3nica imagen de La Calavera de la Catrina. Alcaraz reflexiona, con un gui\u00f1o a las \u00e9pocas, que el arte de Posada fue una fuerza vanguardista de anta\u00f1o, que ahora se funde armoniosamente con la esencia mainstream del D\u00eda de los Muertos.<\/p>\n\n\n\n<figure class=\"wp-block-image size-full is-resized\"><a href=\"https:\/\/shelhamergroup.com\/buying-a-home\/buy-a-home-with-us\/\"><img decoding=\"async\" src=\"data:image\/svg+xml,%3Csvg%20xmlns='http:\/\/www.w3.org\/2000\/svg'%20viewBox='0%200%20500%20247'%3E%3C\/svg%3E\" data-lazy-src=\"https:\/\/silverlakeblog.com\/wp-content\/uploads\/2023\/09\/6.png\" alt=\"\" class=\"zeen-lazy-load-base zeen-lazy-load wp-image-61623\" style=\"width:500px\" width=\"500\"><noscript><img decoding=\"async\" src=\"https:\/\/silverlakeblog.com\/wp-content\/uploads\/2023\/09\/6.png\" alt=\"\" class=\"wp-image-61623\" style=\"width:500px\" width=\"500\" srcset=\"https:\/\/silverlakeblog.com\/wp-content\/uploads\/2023\/09\/6.png 1000w, https:\/\/silverlakeblog.com\/wp-content\/uploads\/2023\/09\/6-300x300.png 300w, https:\/\/silverlakeblog.com\/wp-content\/uploads\/2023\/09\/6-100x100.png 100w, https:\/\/silverlakeblog.com\/wp-content\/uploads\/2023\/09\/6-770x770.png 770w, https:\/\/silverlakeblog.com\/wp-content\/uploads\/2023\/09\/6-293x293.png 293w, https:\/\/silverlakeblog.com\/wp-content\/uploads\/2023\/09\/6-390x390.png 390w, https:\/\/silverlakeblog.com\/wp-content\/uploads\/2023\/09\/6-585x585.png 585w, https:\/\/silverlakeblog.com\/wp-content\/uploads\/2023\/09\/6-900x900.png 900w\" sizes=\"(max-width: 1000px) 100vw, 1000px\" \/><\/noscript><\/a><\/figure>\n\n\n\n<p><\/p>\n\n\n\n<p>Uno de los rasgos distintivos de este jubileo festivo es la ofrenda, un espect\u00e1culo profundamente visual. \u00abOfrenda\u00bb significa \u00abofrenda\u00bb, encarnando la esencia de la tradici\u00f3n. Cada octubre, visionarios como Ofelia Esparza exponen sus sentidas ofrendas a sus comunidades durante las encantadoras reuniones del D\u00eda de Los Muertos Los \u00c1ngeles Aunque las familias arraigadas en la herencia cat\u00f3lica mexicana y centroamericana tradicionalmente erig\u00edan altares en el santuario de sus hogares para honrar a su linaje, son los a\u00f1os setenta los que proporcionan el punto focal de la transformaci\u00f3n. En esta \u00e9poca, artistas chicanos emprendedores, fomentando un peque\u00f1o refugio sin \u00e1nimo de lucro conocido como Self Help Graphics, tejieron su magia, propulsando el D\u00eda de los Muertos desde un asunto dom\u00e9stico privado a un fen\u00f3meno comunal resplandeciente con las actividades anuales del D\u00eda de los Muertos.<\/p>\n\n\n\n<p><br><\/p>\n\n\n\n<figure class=\"wp-block-image size-large\"><a href=\"https:\/\/silverlakeblog.com\/wp-content\/uploads\/2023\/08\/Silverlake-Blogs-1200x600-Graphic-Template-1.png\"><img decoding=\"async\" src=\"data:image\/svg+xml,%3Csvg%20xmlns='http:\/\/www.w3.org\/2000\/svg'%20viewBox='0%200%20370%20247'%3E%3C\/svg%3E\" data-lazy-src=\"https:\/\/silverlakeblog.com\/wp-content\/uploads\/2023\/08\/Silverlake-Blogs-1200x600-Graphic-Template-1-1024x512.png\" alt=\"Dia De Los Muertos Los Angeles\" class=\"zeen-lazy-load-base zeen-lazy-load wp-image-61581\"><noscript><img decoding=\"async\" width=\"1024\" height=\"512\" src=\"https:\/\/silverlakeblog.com\/wp-content\/uploads\/2023\/08\/Silverlake-Blogs-1200x600-Graphic-Template-1-1024x512.png\" alt=\"Dia De Los Muertos Los Angeles\" class=\"wp-image-61581\" srcset=\"https:\/\/silverlakeblog.com\/wp-content\/uploads\/2023\/08\/Silverlake-Blogs-1200x600-Graphic-Template-1-1024x512.png 1024w, https:\/\/silverlakeblog.com\/wp-content\/uploads\/2023\/08\/Silverlake-Blogs-1200x600-Graphic-Template-1-300x150.png 300w, https:\/\/silverlakeblog.com\/wp-content\/uploads\/2023\/08\/Silverlake-Blogs-1200x600-Graphic-Template-1-770x385.png 770w, https:\/\/silverlakeblog.com\/wp-content\/uploads\/2023\/08\/Silverlake-Blogs-1200x600-Graphic-Template-1-585x293.png 585w, https:\/\/silverlakeblog.com\/wp-content\/uploads\/2023\/08\/Silverlake-Blogs-1200x600-Graphic-Template-1-1170x585.png 1170w, https:\/\/silverlakeblog.com\/wp-content\/uploads\/2023\/08\/Silverlake-Blogs-1200x600-Graphic-Template-1-293x147.png 293w, https:\/\/silverlakeblog.com\/wp-content\/uploads\/2023\/08\/Silverlake-Blogs-1200x600-Graphic-Template-1.png 1200w\" sizes=\"(max-width: 1024px) 100vw, 1024px\" \/><\/noscript><\/a><\/figure>\n\n\n\n<h3 class=\"wp-block-heading\" id=\"h-dia-de-los-muertos-activities-in-los-angeles-2023\">Actividades del D\u00eda de Los Muertos en Los \u00c1ngeles 2023<br><\/h3>\n\n\n\n<p>A continuaci\u00f3n se enumeran algunos de los numerosos actos que tendr\u00e1n lugar en Los \u00c1ngeles con motivo de las celebraciones de este a\u00f1o.<br><br><br><\/p>\n\n\n\n<figure class=\"wp-block-image size-large\"><a href=\"https:\/\/silverlakeblog.com\/wp-content\/uploads\/2023\/09\/13.png\"><img decoding=\"async\" src=\"data:image\/svg+xml,%3Csvg%20xmlns='http:\/\/www.w3.org\/2000\/svg'%20viewBox='0%200%20370%20247'%3E%3C\/svg%3E\" data-lazy-src=\"https:\/\/silverlakeblog.com\/wp-content\/uploads\/2023\/09\/13-1024x512.png\" alt=\"Dia De Los Muertos Los Angeles\" class=\"zeen-lazy-load-base zeen-lazy-load wp-image-61636\"><noscript><img decoding=\"async\" width=\"1024\" height=\"512\" src=\"https:\/\/silverlakeblog.com\/wp-content\/uploads\/2023\/09\/13-1024x512.png\" alt=\"Dia De Los Muertos Los Angeles\" class=\"wp-image-61636\" srcset=\"https:\/\/silverlakeblog.com\/wp-content\/uploads\/2023\/09\/13-1024x512.png 1024w, https:\/\/silverlakeblog.com\/wp-content\/uploads\/2023\/09\/13-300x150.png 300w, https:\/\/silverlakeblog.com\/wp-content\/uploads\/2023\/09\/13-770x385.png 770w, https:\/\/silverlakeblog.com\/wp-content\/uploads\/2023\/09\/13-585x293.png 585w, https:\/\/silverlakeblog.com\/wp-content\/uploads\/2023\/09\/13-1170x585.png 1170w, https:\/\/silverlakeblog.com\/wp-content\/uploads\/2023\/09\/13-293x147.png 293w, https:\/\/silverlakeblog.com\/wp-content\/uploads\/2023\/09\/13.png 1200w\" sizes=\"(max-width: 1024px) 100vw, 1024px\" \/><\/noscript><\/a><\/figure>\n\n\n\n<h3 class=\"wp-block-heading\" id=\"h-get-festive-at-disneyland\">P\u00f3ngase festivo en Disneylandia<\/h3>\n\n\n\n<p>\u00danete a la fiesta en Frontierland y rinde un homenaje muy especial al D\u00eda de los Muertos en Los \u00c1ngeles. Estas fiestas son un momento para recordar a los seres queridos que ya no est\u00e1n, al tiempo que abrazamos nuestros v\u00ednculos eternos.<\/p>\n\n\n\n<p>Para conmemorar la ocasi\u00f3n, el Parque del Z\u00f3calo contar\u00e1 con unas ic\u00f3nicas figuras de esqueletos llamadas&nbsp;<em>calacas, que representan a<\/em>un tr\u00edo de mariachis, as\u00ed como flores de vivos colores y otros elementos decorativos tradicionales.&nbsp;<em>ofrendas<\/em>&nbsp;el D\u00eda de los Difuntos. Incluso puede degustar los sabores tradicionales de M\u00e9xico cenando en el cercano&nbsp;<a href=\"https:\/\/disneyland.disney.go.com\/dining\/disneyland\/rancho-del-zocalo-restaurante\/\">Restaurante Rancho del Z\u00f3calo<\/a>.<\/p>\n\n\n\n<p>Desde la aut\u00e9ntica decoraci\u00f3n hasta los deliciosos platos caseros, no querr\u00e1 perderse esta sentida celebraci\u00f3n y las actividades del D\u00eda de los Muertos.<br><strong>Todo el d\u00eda &#8211; Del 1 de septiembre al 2 de noviembre de 2023.<\/strong><br><\/p>\n\n\n\n<figure class=\"wp-block-image size-large\"><a href=\"https:\/\/silverlakeblog.com\/wp-content\/uploads\/2023\/09\/dia-de-los-muertos-03-scaled.webp\"><img decoding=\"async\" src=\"data:image\/svg+xml,%3Csvg%20xmlns='http:\/\/www.w3.org\/2000\/svg'%20viewBox='0%200%20370%20247'%3E%3C\/svg%3E\" data-lazy-src=\"https:\/\/silverlakeblog.com\/wp-content\/uploads\/2023\/09\/dia-de-los-muertos-03-1024x576.webp\" alt=\"disney dia de los muertos dia de los muertos\" class=\"zeen-lazy-load-base zeen-lazy-load wp-image-61744\"><noscript><img decoding=\"async\" width=\"1024\" height=\"576\" src=\"https:\/\/silverlakeblog.com\/wp-content\/uploads\/2023\/09\/dia-de-los-muertos-03-1024x576.webp\" alt=\"disney dia de los muertos dia de los muertos\" class=\"wp-image-61744\" srcset=\"https:\/\/silverlakeblog.com\/wp-content\/uploads\/2023\/09\/dia-de-los-muertos-03-1024x576.webp 1024w, https:\/\/silverlakeblog.com\/wp-content\/uploads\/2023\/09\/dia-de-los-muertos-03-300x169.webp 300w, https:\/\/silverlakeblog.com\/wp-content\/uploads\/2023\/09\/dia-de-los-muertos-03-770x433.webp 770w, https:\/\/silverlakeblog.com\/wp-content\/uploads\/2023\/09\/dia-de-los-muertos-03-1536x864.webp 1536w, https:\/\/silverlakeblog.com\/wp-content\/uploads\/2023\/09\/dia-de-los-muertos-03-2048x1152.webp 2048w, https:\/\/silverlakeblog.com\/wp-content\/uploads\/2023\/09\/dia-de-los-muertos-03-293x165.webp 293w, https:\/\/silverlakeblog.com\/wp-content\/uploads\/2023\/09\/dia-de-los-muertos-03-1400x788.webp 1400w\" sizes=\"(max-width: 1024px) 100vw, 1024px\" \/><\/noscript><\/a><\/figure>\n\n\n\n<h3 class=\"wp-block-heading\" id=\"h-watch-coco-again-and-again-at-el-capitan-theater-in-hollywood\"><br>Ver Coco una y otra vez en el Teatro El Capit\u00e1n de Hollywood<\/h3>\n\n\n\n<p>El Capit\u00e1n de Hollywood proyecta Coco del 15 de septiembre al 1 de octubre.<br>Los horarios y las entradas pueden consultarse en su <a href=\"https:\/\/elcapitantheatre.com\/\">sitio web, enlazado aqu\u00ed.<\/a><br>6838 Hollywood Blvd<br>Hollywood,&nbsp;CA<\/p>\n\n\n\n<figure class=\"wp-block-image size-full\"><a href=\"https:\/\/silverlakeblog.com\/wp-content\/uploads\/2023\/09\/h-HO00000109.jpeg\"><img decoding=\"async\" src=\"data:image\/svg+xml,%3Csvg%20xmlns='http:\/\/www.w3.org\/2000\/svg'%20viewBox='0%200%20370%20247'%3E%3C\/svg%3E\" data-lazy-src=\"https:\/\/silverlakeblog.com\/wp-content\/uploads\/2023\/09\/h-HO00000109.jpeg\" alt=\"\" class=\"zeen-lazy-load-base zeen-lazy-load wp-image-61916\"><noscript><img decoding=\"async\" width=\"380\" height=\"537\" src=\"https:\/\/silverlakeblog.com\/wp-content\/uploads\/2023\/09\/h-HO00000109.jpeg\" alt=\"\" class=\"wp-image-61916\" srcset=\"https:\/\/silverlakeblog.com\/wp-content\/uploads\/2023\/09\/h-HO00000109.jpeg 380w, https:\/\/silverlakeblog.com\/wp-content\/uploads\/2023\/09\/h-HO00000109-212x300.jpeg 212w, https:\/\/silverlakeblog.com\/wp-content\/uploads\/2023\/09\/h-HO00000109-293x414.jpeg 293w\" sizes=\"(max-width: 380px) 100vw, 380px\" \/><\/noscript><\/a><\/figure>\n\n\n\n<p><br><\/p>\n\n\n\n<h3 class=\"wp-block-heading\" id=\"h-hecho-con-amor-sugar-skulls\">Hecho con Amor: Sugar Skulls<\/h3>\n\n\n\n<p><br>\u00a1\u00danete a LA Plaza Cocina y a la Chef Norma Salazar para hacer Calaveras de Az\u00facar para el D\u00eda de los Muertos! Esta es una gran actividad del D\u00eda de los Muertos que disfrutar\u00e1 toda la familia.<br>S\u00e1bado, 7 de octubre &#8211; 10:00 AM &#8211; 12:00 PM<br><strong>LA Plaza Cocina<\/strong> 555 North Spring Street Los Angeles, CA 90012<br><a href=\"https:\/\/www.eventbrite.com\/e\/hecho-con-amor-sugar-skulls-tickets-562533281187?aff=ebdssbdestsearch\">Entradas aqu\u00ed<\/a><br><\/p>\n\n\n\n<figure class=\"wp-block-image size-large\"><a href=\"https:\/\/silverlakeblog.com\/wp-content\/uploads\/2023\/08\/Screen-Shot-2023-08-21-at-10.03.30-PM.png\"><img decoding=\"async\" src=\"data:image\/svg+xml,%3Csvg%20xmlns='http:\/\/www.w3.org\/2000\/svg'%20viewBox='0%200%20370%20247'%3E%3C\/svg%3E\" data-lazy-src=\"https:\/\/silverlakeblog.com\/wp-content\/uploads\/2023\/08\/Screen-Shot-2023-08-21-at-10.03.30-PM-1024x507.png\" alt=\"Dia De Los Muertos Los Angeles\" class=\"zeen-lazy-load-base zeen-lazy-load wp-image-61407\"><noscript><img decoding=\"async\" width=\"1024\" height=\"507\" src=\"https:\/\/silverlakeblog.com\/wp-content\/uploads\/2023\/08\/Screen-Shot-2023-08-21-at-10.03.30-PM-1024x507.png\" alt=\"Dia De Los Muertos Los Angeles\" class=\"wp-image-61407\" srcset=\"https:\/\/silverlakeblog.com\/wp-content\/uploads\/2023\/08\/Screen-Shot-2023-08-21-at-10.03.30-PM-1024x507.png 1024w, https:\/\/silverlakeblog.com\/wp-content\/uploads\/2023\/08\/Screen-Shot-2023-08-21-at-10.03.30-PM-300x148.png 300w, https:\/\/silverlakeblog.com\/wp-content\/uploads\/2023\/08\/Screen-Shot-2023-08-21-at-10.03.30-PM-770x381.png 770w, https:\/\/silverlakeblog.com\/wp-content\/uploads\/2023\/08\/Screen-Shot-2023-08-21-at-10.03.30-PM-1536x760.png 1536w, https:\/\/silverlakeblog.com\/wp-content\/uploads\/2023\/08\/Screen-Shot-2023-08-21-at-10.03.30-PM-293x145.png 293w, https:\/\/silverlakeblog.com\/wp-content\/uploads\/2023\/08\/Screen-Shot-2023-08-21-at-10.03.30-PM-1400x693.png 1400w, https:\/\/silverlakeblog.com\/wp-content\/uploads\/2023\/08\/Screen-Shot-2023-08-21-at-10.03.30-PM.png 1872w\" sizes=\"(max-width: 1024px) 100vw, 1024px\" \/><\/noscript><\/a><\/figure>\n\n\n\n<p><\/p>\n\n\n\n<h3 class=\"wp-block-heading\" id=\"h-lila-downs-dia-de-los-muertos-concert\">Lila Downs &#8211; Concierto del D\u00eda de los Muertos<\/h3>\n\n\n\n<p>La cantante mexicano-estadounidense Lila Downs regresa con un concierto en el que ofrecer\u00e1 su caracter\u00edstico sonido de influencia latina. Ganador de seis Grammy Latinos y un Grammy, Downs es una de las voces m\u00e1s poderosas y singulares que existen en la actualidad. La m\u00fasica de Downs refleja las culturas de Oaxaca (M\u00e9xico) y Estados Unidos, en las que creci\u00f3. Canta en espa\u00f1ol e ingl\u00e9s, incorporando a veces la lengua ind\u00edgena mixteca, zapoteca y maya. Con una presencia esc\u00e9nica simb\u00f3lica y una emotiva narraci\u00f3n a trav\u00e9s de la canci\u00f3n, su canto trasciende todas las barreras ling\u00fc\u00edsticas.<br><br>Mi\u00e9rcoles 11 de octubre<br>8:00 PM<br>Segerstrom Center for the Arts, Costa Mesa<br><a href=\"https:\/\/www.scfta.org\/events\/2023\/lila-downs-dia-de-los-muertos\">Entradas aqu\u00ed<\/a><\/p>\n\n\n\n<figure class=\"wp-block-image size-large\"><a href=\"https:\/\/silverlakeblog.com\/wp-content\/uploads\/2023\/09\/Screen-Shot-2023-09-12-at-12.56.35-PM.png\"><img decoding=\"async\" src=\"data:image\/svg+xml,%3Csvg%20xmlns='http:\/\/www.w3.org\/2000\/svg'%20viewBox='0%200%20370%20247'%3E%3C\/svg%3E\" data-lazy-src=\"https:\/\/silverlakeblog.com\/wp-content\/uploads\/2023\/09\/Screen-Shot-2023-09-12-at-12.56.35-PM-1024x829.png\" alt=\"Lila Downs d\u00eda de los muertos d\u00eda de los muertos\" class=\"zeen-lazy-load-base zeen-lazy-load wp-image-61741\"><noscript><img decoding=\"async\" width=\"1024\" height=\"829\" src=\"https:\/\/silverlakeblog.com\/wp-content\/uploads\/2023\/09\/Screen-Shot-2023-09-12-at-12.56.35-PM-1024x829.png\" alt=\"Lila Downs d\u00eda de los muertos d\u00eda de los muertos\" class=\"wp-image-61741\" srcset=\"https:\/\/silverlakeblog.com\/wp-content\/uploads\/2023\/09\/Screen-Shot-2023-09-12-at-12.56.35-PM-1024x829.png 1024w, https:\/\/silverlakeblog.com\/wp-content\/uploads\/2023\/09\/Screen-Shot-2023-09-12-at-12.56.35-PM-300x243.png 300w, https:\/\/silverlakeblog.com\/wp-content\/uploads\/2023\/09\/Screen-Shot-2023-09-12-at-12.56.35-PM-770x624.png 770w, https:\/\/silverlakeblog.com\/wp-content\/uploads\/2023\/09\/Screen-Shot-2023-09-12-at-12.56.35-PM-293x237.png 293w, https:\/\/silverlakeblog.com\/wp-content\/uploads\/2023\/09\/Screen-Shot-2023-09-12-at-12.56.35-PM.png 1200w\" sizes=\"(max-width: 1024px) 100vw, 1024px\" \/><\/noscript><\/a><\/figure>\n\n\n\n<h3 class=\"wp-block-heading\" id=\"h-gloria-molina-grand-park-s-downtown-dia-de-los-muertos\"><br>D\u00eda de Los Muertos en el centro del Gran Parque Gloria Molina<\/h3>\n\n\n\n<p>En honor a las personas, los lugares y las ideas que merecen reverencia y conmemoraci\u00f3n, el D\u00eda de los Muertos en el centro del Gran Parque Gloria Molina invita a los visitantes a contribuir a un altar comunitario y a pasear por el parque para contemplar 19 altares realizados por artistas profesionales, organizaciones locales y socios comunitarios.<br><br>Fecha &#8211; 21 oct 2023&nbsp;&#8211; 02 nov 2023<br>Todo el d\u00eda, seg\u00fan su <a href=\"https:\/\/grandparkla.org\/event\/downtown-dia-de-los-muertos\/\">p\u00e1gina web.<\/a><br>Gran Parque Gloria Molina<br>200 N Grand Ave, Los \u00c1ngeles, CA 90012<\/p>\n\n\n\n<figure class=\"wp-block-image size-full is-resized\"><a href=\"https:\/\/shelhamergroup.com\/selling-a-home\/sell-your-home-with-us\/\" target=\"_blank\" rel=\"noreferrer noopener\"><img decoding=\"async\" src=\"data:image\/svg+xml,%3Csvg%20xmlns='http:\/\/www.w3.org\/2000\/svg'%20viewBox='0%200%20498%20498'%3E%3C\/svg%3E\" data-lazy-src=\"https:\/\/silverlakeblog.com\/wp-content\/uploads\/2023\/09\/7.png\" alt=\"\" class=\"zeen-lazy-load-base zeen-lazy-load wp-image-61624\" style=\"width:498px;height:498px\" width=\"498\" height=\"498\"><noscript><img decoding=\"async\" src=\"https:\/\/silverlakeblog.com\/wp-content\/uploads\/2023\/09\/7.png\" alt=\"\" class=\"wp-image-61624\" style=\"width:498px;height:498px\" width=\"498\" height=\"498\" srcset=\"https:\/\/silverlakeblog.com\/wp-content\/uploads\/2023\/09\/7.png 1000w, https:\/\/silverlakeblog.com\/wp-content\/uploads\/2023\/09\/7-300x300.png 300w, https:\/\/silverlakeblog.com\/wp-content\/uploads\/2023\/09\/7-100x100.png 100w, https:\/\/silverlakeblog.com\/wp-content\/uploads\/2023\/09\/7-770x770.png 770w, https:\/\/silverlakeblog.com\/wp-content\/uploads\/2023\/09\/7-293x293.png 293w, https:\/\/silverlakeblog.com\/wp-content\/uploads\/2023\/09\/7-390x390.png 390w, https:\/\/silverlakeblog.com\/wp-content\/uploads\/2023\/09\/7-585x585.png 585w, https:\/\/silverlakeblog.com\/wp-content\/uploads\/2023\/09\/7-900x900.png 900w\" sizes=\"(max-width: 498px) 100vw, 498px\" \/><\/noscript><\/a><\/figure>\n\n\n\n<h3 class=\"wp-block-heading\" id=\"h-11th-annual-san-pedro-dia-de-los-muertos-festival\"><br>11\u00ba Festival Anual del D\u00eda de los Muertos de San Pedro<\/h3>\n\n\n\n<p>El domingo 22 de octubre de 2023, los angelinos se unir\u00e1n para reconocer y celebrar la herencia latina y mexicana de Los \u00c1ngeles cuando Discover San Pedro, una organizaci\u00f3n sin \u00e1nimo de lucro, presente su 11\u00ba Festival Anual del D\u00eda de los Muertos de San Pedro. Se espera la asistencia de miles de habitantes y visitantes de Los \u00c1ngeles, el condado de Orange y otros lugares. Los visitantes disfrutar\u00e1n de un centro hist\u00f3rico vibrante, repleto de espect\u00e1culos festivos en directo, como las actuaciones de <a href=\"https:\/\/www.mariachidivas.com\/\">Mariachi Divas de Cindy Shea,<\/a>  Conjunto multicultural femenino ganador de dos premios Grammy que sigue impulsando y ampliando el alcance de la m\u00fasica de mariachi.<br>22 de octubre  <br>3:00 PM &#8211; 9:30 PM<br>Calle Mesa entre la 5\u00aa. y 6\u00aa. Calle 6 entre Pacific y Centre<br><a href=\"https:\/\/www.discoversanpedro.org\/events\/dia-de-los-muertos-festival\">M\u00e1s informaci\u00f3n<\/a><br><\/p>\n\n\n\n<p><\/p>\n\n\n\n<h3 class=\"wp-block-heading\" id=\"h-altars-and-ofrendas-in-inglewood\">Altares y Ofrendas en Inglewood<\/h3>\n\n\n\n<p>Disfrute de los festejos con vendedores, comida y m\u00fasica en el cementerio de Inglewood Park.<br>22 de octubre &#8211; horario por determinar<br>Cementerio Inglewood Park<br>720 E Florence Ave, Inglewood, CA 90301<br><a href=\"https:\/\/www.inglewoodparkcemetery.com\/events\/\">M\u00e1s informaci\u00f3n<\/a><\/p>\n\n\n\n<figure class=\"wp-block-image size-full is-resized\"><a href=\"https:\/\/silverlakeblog.com\/wp-content\/uploads\/2023\/09\/stained-glass-back-in-1914.jpeg\"><img decoding=\"async\" src=\"data:image\/svg+xml,%3Csvg%20xmlns='http:\/\/www.w3.org\/2000\/svg'%20viewBox='0%200%20507%20678'%3E%3C\/svg%3E\" data-lazy-src=\"https:\/\/silverlakeblog.com\/wp-content\/uploads\/2023\/09\/stained-glass-back-in-1914.jpeg\" alt=\"\" class=\"zeen-lazy-load-base zeen-lazy-load wp-image-61743\" style=\"width:507px;height:678px\" width=\"507\" height=\"678\"><noscript><img decoding=\"async\" src=\"https:\/\/silverlakeblog.com\/wp-content\/uploads\/2023\/09\/stained-glass-back-in-1914.jpeg\" alt=\"\" class=\"wp-image-61743\" style=\"width:507px;height:678px\" width=\"507\" height=\"678\" srcset=\"https:\/\/silverlakeblog.com\/wp-content\/uploads\/2023\/09\/stained-glass-back-in-1914.jpeg 760w, https:\/\/silverlakeblog.com\/wp-content\/uploads\/2023\/09\/stained-glass-back-in-1914-224x300.jpeg 224w, https:\/\/silverlakeblog.com\/wp-content\/uploads\/2023\/09\/stained-glass-back-in-1914-293x392.jpeg 293w\" sizes=\"(max-width: 507px) 100vw, 507px\" \/><\/noscript><\/a><\/figure>\n\n\n\n<p><br><\/p>\n\n\n\n<h3 class=\"wp-block-heading\" id=\"h-stroll-historic-olvera-street-in-dtla\">Paseo por la hist\u00f3rica calle Olvera en DTLA<br><\/h3>\n\n\n\n<p>Desde hace m\u00e1s de 35 a\u00f1os, los comerciantes de la calle Olvera celebran el D\u00eda de los Muertos. La celebraci\u00f3n ha evolucionado para incorporar los rituales precolombinos, aztecas, mayas y cat\u00f3licos en torno a la muerte. Cada noche, una vibrante y colorida procesi\u00f3n prepara el escenario para nuestra ceremonia.<br><br>Consulte la galer\u00eda que figura a continuaci\u00f3n y <a href=\"https:\/\/www.olveraevents.com\/day-of-the-dead-olvera-street\">este sitio web<\/a> para obtener m\u00e1s informaci\u00f3n sobre las actividades de varios d\u00edas.<br>Las festividades comienzan el 25 de octubre de 2023 en Olvera St, DTLA.<br><\/p>\n\n\n\n<p><br><\/p>\n\n\n\n<figure class=\"wp-block-gallery has-nested-images columns-default is-cropped wp-block-gallery-1 is-layout-flex wp-block-gallery-is-layout-flex\">\n<figure class=\"wp-block-image size-large\"><a href=\"https:\/\/silverlakeblog.com\/wp-content\/uploads\/2023\/08\/Screen-Shot-2023-08-21-at-9.46.10-PM.png\"><img decoding=\"async\" src=\"data:image\/svg+xml,%3Csvg%20xmlns='http:\/\/www.w3.org\/2000\/svg'%20viewBox='0%200%20370%20247'%3E%3C\/svg%3E\" data-id=\"61402\" data-lazy-src=\"https:\/\/silverlakeblog.com\/wp-content\/uploads\/2023\/08\/Screen-Shot-2023-08-21-at-9.46.10-PM.png\" alt=\"\" class=\"zeen-lazy-load-base zeen-lazy-load wp-image-61402\"><noscript><img decoding=\"async\" width=\"796\" height=\"920\" data-id=\"61402\" src=\"https:\/\/silverlakeblog.com\/wp-content\/uploads\/2023\/08\/Screen-Shot-2023-08-21-at-9.46.10-PM.png\" alt=\"\" class=\"wp-image-61402\" srcset=\"https:\/\/silverlakeblog.com\/wp-content\/uploads\/2023\/08\/Screen-Shot-2023-08-21-at-9.46.10-PM.png 796w, https:\/\/silverlakeblog.com\/wp-content\/uploads\/2023\/08\/Screen-Shot-2023-08-21-at-9.46.10-PM-260x300.png 260w, https:\/\/silverlakeblog.com\/wp-content\/uploads\/2023\/08\/Screen-Shot-2023-08-21-at-9.46.10-PM-770x890.png 770w, https:\/\/silverlakeblog.com\/wp-content\/uploads\/2023\/08\/Screen-Shot-2023-08-21-at-9.46.10-PM-293x339.png 293w\" sizes=\"(max-width: 796px) 100vw, 796px\" \/><\/noscript><\/a><\/figure>\n\n\n\n<figure class=\"wp-block-image size-large\"><a href=\"https:\/\/silverlakeblog.com\/wp-content\/uploads\/2023\/08\/Screen-Shot-2023-08-21-at-9.46.18-PM.png\"><img decoding=\"async\" src=\"data:image\/svg+xml,%3Csvg%20xmlns='http:\/\/www.w3.org\/2000\/svg'%20viewBox='0%200%20370%20247'%3E%3C\/svg%3E\" data-id=\"61401\" data-lazy-src=\"https:\/\/silverlakeblog.com\/wp-content\/uploads\/2023\/08\/Screen-Shot-2023-08-21-at-9.46.18-PM-1024x597.png\" alt=\"\" class=\"zeen-lazy-load-base zeen-lazy-load wp-image-61401\"><noscript><img decoding=\"async\" width=\"1024\" height=\"597\" data-id=\"61401\" src=\"https:\/\/silverlakeblog.com\/wp-content\/uploads\/2023\/08\/Screen-Shot-2023-08-21-at-9.46.18-PM-1024x597.png\" alt=\"\" class=\"wp-image-61401\" srcset=\"https:\/\/silverlakeblog.com\/wp-content\/uploads\/2023\/08\/Screen-Shot-2023-08-21-at-9.46.18-PM-1024x597.png 1024w, https:\/\/silverlakeblog.com\/wp-content\/uploads\/2023\/08\/Screen-Shot-2023-08-21-at-9.46.18-PM-300x175.png 300w, https:\/\/silverlakeblog.com\/wp-content\/uploads\/2023\/08\/Screen-Shot-2023-08-21-at-9.46.18-PM-770x449.png 770w, https:\/\/silverlakeblog.com\/wp-content\/uploads\/2023\/08\/Screen-Shot-2023-08-21-at-9.46.18-PM-293x171.png 293w, https:\/\/silverlakeblog.com\/wp-content\/uploads\/2023\/08\/Screen-Shot-2023-08-21-at-9.46.18-PM.png 1166w\" sizes=\"(max-width: 1024px) 100vw, 1024px\" \/><\/noscript><\/a><\/figure>\n\n\n\n<figure class=\"wp-block-image size-large\"><a href=\"https:\/\/silverlakeblog.com\/wp-content\/uploads\/2023\/08\/Screen-Shot-2023-08-21-at-9.46.28-PM.png\"><img decoding=\"async\" src=\"data:image\/svg+xml,%3Csvg%20xmlns='http:\/\/www.w3.org\/2000\/svg'%20viewBox='0%200%20370%20247'%3E%3C\/svg%3E\" data-id=\"61403\" data-lazy-src=\"https:\/\/silverlakeblog.com\/wp-content\/uploads\/2023\/08\/Screen-Shot-2023-08-21-at-9.46.28-PM.png\" alt=\"\" class=\"zeen-lazy-load-base zeen-lazy-load wp-image-61403\"><noscript><img decoding=\"async\" width=\"940\" height=\"552\" data-id=\"61403\" src=\"https:\/\/silverlakeblog.com\/wp-content\/uploads\/2023\/08\/Screen-Shot-2023-08-21-at-9.46.28-PM.png\" alt=\"\" class=\"wp-image-61403\" srcset=\"https:\/\/silverlakeblog.com\/wp-content\/uploads\/2023\/08\/Screen-Shot-2023-08-21-at-9.46.28-PM.png 940w, https:\/\/silverlakeblog.com\/wp-content\/uploads\/2023\/08\/Screen-Shot-2023-08-21-at-9.46.28-PM-300x176.png 300w, https:\/\/silverlakeblog.com\/wp-content\/uploads\/2023\/08\/Screen-Shot-2023-08-21-at-9.46.28-PM-770x452.png 770w, https:\/\/silverlakeblog.com\/wp-content\/uploads\/2023\/08\/Screen-Shot-2023-08-21-at-9.46.28-PM-293x172.png 293w\" sizes=\"(max-width: 940px) 100vw, 940px\" \/><\/noscript><\/a><\/figure>\n\n\n\n<figure class=\"wp-block-image size-large\"><a href=\"https:\/\/silverlakeblog.com\/wp-content\/uploads\/2023\/08\/Screen-Shot-2023-08-21-at-9.46.34-PM.png\"><img decoding=\"async\" src=\"data:image\/svg+xml,%3Csvg%20xmlns='http:\/\/www.w3.org\/2000\/svg'%20viewBox='0%200%20370%20247'%3E%3C\/svg%3E\" data-id=\"61404\" data-lazy-src=\"https:\/\/silverlakeblog.com\/wp-content\/uploads\/2023\/08\/Screen-Shot-2023-08-21-at-9.46.34-PM.png\" alt=\"\" class=\"zeen-lazy-load-base zeen-lazy-load wp-image-61404\"><noscript><img decoding=\"async\" width=\"1006\" height=\"750\" data-id=\"61404\" src=\"https:\/\/silverlakeblog.com\/wp-content\/uploads\/2023\/08\/Screen-Shot-2023-08-21-at-9.46.34-PM.png\" alt=\"\" class=\"wp-image-61404\" srcset=\"https:\/\/silverlakeblog.com\/wp-content\/uploads\/2023\/08\/Screen-Shot-2023-08-21-at-9.46.34-PM.png 1006w, https:\/\/silverlakeblog.com\/wp-content\/uploads\/2023\/08\/Screen-Shot-2023-08-21-at-9.46.34-PM-300x224.png 300w, https:\/\/silverlakeblog.com\/wp-content\/uploads\/2023\/08\/Screen-Shot-2023-08-21-at-9.46.34-PM-770x574.png 770w, https:\/\/silverlakeblog.com\/wp-content\/uploads\/2023\/08\/Screen-Shot-2023-08-21-at-9.46.34-PM-293x218.png 293w\" sizes=\"(max-width: 1006px) 100vw, 1006px\" \/><\/noscript><\/a><\/figure>\n\n\n\n<figure class=\"wp-block-image size-large\"><a href=\"https:\/\/silverlakeblog.com\/wp-content\/uploads\/2023\/08\/Screen-Shot-2023-08-21-at-9.46.47-PM.png\"><img decoding=\"async\" src=\"data:image\/svg+xml,%3Csvg%20xmlns='http:\/\/www.w3.org\/2000\/svg'%20viewBox='0%200%20370%20247'%3E%3C\/svg%3E\" data-id=\"61405\" data-lazy-src=\"https:\/\/silverlakeblog.com\/wp-content\/uploads\/2023\/08\/Screen-Shot-2023-08-21-at-9.46.47-PM-880x1024.png\" alt=\"\" class=\"zeen-lazy-load-base zeen-lazy-load wp-image-61405\"><noscript><img decoding=\"async\" width=\"880\" height=\"1024\" data-id=\"61405\" src=\"https:\/\/silverlakeblog.com\/wp-content\/uploads\/2023\/08\/Screen-Shot-2023-08-21-at-9.46.47-PM-880x1024.png\" alt=\"\" class=\"wp-image-61405\" srcset=\"https:\/\/silverlakeblog.com\/wp-content\/uploads\/2023\/08\/Screen-Shot-2023-08-21-at-9.46.47-PM-880x1024.png 880w, https:\/\/silverlakeblog.com\/wp-content\/uploads\/2023\/08\/Screen-Shot-2023-08-21-at-9.46.47-PM-258x300.png 258w, https:\/\/silverlakeblog.com\/wp-content\/uploads\/2023\/08\/Screen-Shot-2023-08-21-at-9.46.47-PM-770x896.png 770w, https:\/\/silverlakeblog.com\/wp-content\/uploads\/2023\/08\/Screen-Shot-2023-08-21-at-9.46.47-PM-293x341.png 293w, https:\/\/silverlakeblog.com\/wp-content\/uploads\/2023\/08\/Screen-Shot-2023-08-21-at-9.46.47-PM.png 932w\" sizes=\"(max-width: 880px) 100vw, 880px\" \/><\/noscript><\/a><\/figure>\n<\/figure>\n\n\n\n<h3 class=\"wp-block-heading\" id=\"h-a-frightfully-fintastic-fishy-fest-at-the-aquarium\"><br>FIESTA DE LOS PESCADORES EN EL ACUARIO: FRE\u00cdBLEMENTE \u00abFINT\u00c1STICA<\/h3>\n\n\n\n<p>Sienta el esp\u00edritu de la temporada en el acuario Heal the Bay&#8217;s Santa Monica Pier con una celebraci\u00f3n \u00abfintastic\u00bb de Halloween y el D\u00eda de los Muertos en Los \u00c1ngeles los d\u00edas 25 y 26 de octubre. El Acuario, situado a pie de playa en el muelle de Santa M\u00f3nica, tiene programadas actividades espeluznantes para toda la familia ambos d\u00edas de 12.30 AM a 5:00 PM.<br>Gratuito para menores de 13 a\u00f1os; todos los dem\u00e1s: 5 $; grupos de 10 o m\u00e1s personas: 3 $ por persona, independientemente de la edad.<br><br>1600 Ocean Front Walk Santa Monica, CA<br><a href=\"https:\/\/healthebay.org\/series\/halloween-fun-at-fishy-fest-2023\/\">M\u00e1s informaci\u00f3n<\/a><\/p>\n\n\n\n<figure class=\"wp-block-image size-full is-resized\"><a href=\"https:\/\/seniorsalesexpert.com\/\" target=\"_blank\" rel=\"noreferrer noopener\"><img decoding=\"async\" src=\"data:image\/svg+xml,%3Csvg%20xmlns='http:\/\/www.w3.org\/2000\/svg'%20viewBox='0%200%20475%20475'%3E%3C\/svg%3E\" data-lazy-src=\"https:\/\/silverlakeblog.com\/wp-content\/uploads\/2023\/09\/8.png\" alt=\"\" class=\"zeen-lazy-load-base zeen-lazy-load wp-image-61621\" style=\"width:475px;height:475px\" width=\"475\" height=\"475\"><noscript><img decoding=\"async\" src=\"https:\/\/silverlakeblog.com\/wp-content\/uploads\/2023\/09\/8.png\" alt=\"\" class=\"wp-image-61621\" style=\"width:475px;height:475px\" width=\"475\" height=\"475\" srcset=\"https:\/\/silverlakeblog.com\/wp-content\/uploads\/2023\/09\/8.png 1000w, https:\/\/silverlakeblog.com\/wp-content\/uploads\/2023\/09\/8-300x300.png 300w, https:\/\/silverlakeblog.com\/wp-content\/uploads\/2023\/09\/8-100x100.png 100w, https:\/\/silverlakeblog.com\/wp-content\/uploads\/2023\/09\/8-770x770.png 770w, https:\/\/silverlakeblog.com\/wp-content\/uploads\/2023\/09\/8-293x293.png 293w, https:\/\/silverlakeblog.com\/wp-content\/uploads\/2023\/09\/8-390x390.png 390w, https:\/\/silverlakeblog.com\/wp-content\/uploads\/2023\/09\/8-585x585.png 585w, https:\/\/silverlakeblog.com\/wp-content\/uploads\/2023\/09\/8-900x900.png 900w\" sizes=\"(max-width: 475px) 100vw, 475px\" \/><\/noscript><\/a><\/figure>\n\n\n\n<p><br><\/p>\n\n\n\n<h3 class=\"wp-block-heading\" id=\"h-bowers-museum-santa-ana-mexican-sugar-skulls\">Museo Bowers Santa Ana, calaveras de az\u00facar mexicanas<\/h3>\n\n\n\n<p>Decora tus propias calaveras de az\u00facar mexicanas del D\u00eda de los Muertos para colocarlas en la ofrenda (altar conmemorativo) de un ser querido fallecido, o simplemente como regalo para un amigo. Se proporcionar\u00e1n dos calaveras de az\u00facar medianas, y se podr\u00e1n comprar calaveras de az\u00facar grandes y mini.<br>26 de octubre, 10:00 AM &#8211; 12:00 PM &#8211; JOHN M. LEE COURT<br><a href=\"https:\/\/buy.acmeticketing.com\/orders\/311\/tickets?eventId=64dbaf65a5dd122d218524c0&amp;cdEventIds=64dbaf65a5dd122d218524c0&amp;date=2023-10-26T10:00:00-07:00\">Entradas disponibles aqu\u00ed.<\/a><br>2002 North Main Street<br>Santa Ana<br><br><\/p>\n\n\n\n<h3 class=\"wp-block-heading\" id=\"h-dia-de-los-muertos-day-of-the-dead-book-making\"><br>Dia De Los Muertos\/ Day of the Dead Book Making<\/h3>\n\n\n\n<p>Casi un mes de actividades del D\u00eda de los Muertos en Los \u00c1ngeles para ni\u00f1os de 2 a 3 a\u00f1os en Santa M\u00f3nica.<br>Viernes, 27 de octubre de 2023 @ 11:00 AM &#8211; Viernes, 17 de noviembre de 2023 @ 11:45 AM<br>Edificio Douglas Park<br>Ciudad de Santa M\u00f3nica 2439 Wilshire Blvd.&nbsp;Santa M\u00f3nica,&nbsp;CA&nbsp;&nbsp;90403<br><a href=\"https:\/\/www.activekids.com\/santa-monica-ca\/classes\/dia-de-los-muertos-day-of-the-dead-book-making-session-3-2023?int=72-3-A1\">Informaci\u00f3n sobre las entradas<\/a><br><\/p>\n\n\n\n<figure class=\"wp-block-image size-full\"><a href=\"https:\/\/silverlakeblog.com\/wp-content\/uploads\/2023\/08\/image5000.jpeg\"><img decoding=\"async\" src=\"data:image\/svg+xml,%3Csvg%20xmlns='http:\/\/www.w3.org\/2000\/svg'%20viewBox='0%200%20370%20247'%3E%3C\/svg%3E\" data-lazy-src=\"https:\/\/silverlakeblog.com\/wp-content\/uploads\/2023\/08\/image5000.jpeg\" alt=\"d\u00eda de los muertos dia de los muertos\" class=\"zeen-lazy-load-base zeen-lazy-load wp-image-61418\"><noscript><img decoding=\"async\" width=\"750\" height=\"422\" src=\"https:\/\/silverlakeblog.com\/wp-content\/uploads\/2023\/08\/image5000.jpeg\" alt=\"d\u00eda de los muertos dia de los muertos\" class=\"wp-image-61418\" srcset=\"https:\/\/silverlakeblog.com\/wp-content\/uploads\/2023\/08\/image5000.jpeg 750w, https:\/\/silverlakeblog.com\/wp-content\/uploads\/2023\/08\/image5000-300x169.jpeg 300w, https:\/\/silverlakeblog.com\/wp-content\/uploads\/2023\/08\/image5000-293x165.jpeg 293w\" sizes=\"(max-width: 750px) 100vw, 750px\" \/><\/noscript><\/a><\/figure>\n\n\n\n<h3 class=\"wp-block-heading\" id=\"h-day-of-the-dead-at-the-hollywood-forever-cemetery\"><br>D\u00eda de los Muertos en el cementerio Hollywood Forever<br><\/h3>\n\n\n\n<p>El 24\u00ba Festival Anual del D\u00eda de los Muertos en Hollywood Forever tendr\u00e1 lugar el s\u00e1bado 28 de octubre de 2023. Disfrute de la comida, la bebida, las compras y participe en un concurso para ganar el Mejor Altar o el Mejor Disfraz.<\/p>\n\n\n\n<p class=\"has-text-align-center\"><strong>D\u00eda y Noche de los Muertos<\/strong><br>M\u00e1scaras de M\u00e9xico<br>Vida y Muerte en La M\u00e1scara<br>Vida y muerte en la m\u00e1scara<br><br>S\u00c1BADO 28 DE OCTUBRE DE 2023<\/p>\n\n\n\n<p class=\"has-text-align-center\"><strong><a href=\"https:\/\/hollywoodforever.us4.list-manage.com\/track\/click?u=0c5ea6ea6a4be39a4ef1d4430&amp;id=04fe164bc0&amp;e=3130da3bbf\" target=\"_blank\" rel=\"noreferrer noopener\">ENTRADAS <\/a> DIA DE LOS MUERTOS 9:00 AM &#8211; 3:00 PM<br><a href=\"https:\/\/hollywoodforever.us4.list-manage.com\/track\/click?u=0c5ea6ea6a4be39a4ef1d4430&amp;id=1422a78a42&amp;e=3130da3bbf\" target=\"_blank\" rel=\"noreferrer noopener\">ENTRADAS<\/a> NOCHE DE LOS MUERTOS 5:00 PM &#8211; 12:00 AM<\/strong><\/p>\n\n\n\n<div class=\"wp-block-media-text is-stacked-on-mobile\" style=\"grid-template-columns:59% auto\"><figure class=\"wp-block-media-text__media\"><img decoding=\"async\" src=\"data:image\/svg+xml,%3Csvg%20xmlns='http:\/\/www.w3.org\/2000\/svg'%20viewBox='0%200%20370%20247'%3E%3C\/svg%3E\" data-lazy-src=\"https:\/\/silverlakeblog.com\/wp-content\/uploads\/2023\/09\/unnamed-819x1024.jpeg\" alt=\"\" class=\"zeen-lazy-load-base zeen-lazy-load wp-image-61910 size-full\"><noscript><img decoding=\"async\" width=\"819\" height=\"1024\" src=\"https:\/\/silverlakeblog.com\/wp-content\/uploads\/2023\/09\/unnamed-819x1024.jpeg\" alt=\"\" class=\"wp-image-61910 size-full\" srcset=\"https:\/\/silverlakeblog.com\/wp-content\/uploads\/2023\/09\/unnamed-819x1024.jpeg 819w, https:\/\/silverlakeblog.com\/wp-content\/uploads\/2023\/09\/unnamed-240x300.jpeg 240w, https:\/\/silverlakeblog.com\/wp-content\/uploads\/2023\/09\/unnamed-770x963.jpeg 770w, https:\/\/silverlakeblog.com\/wp-content\/uploads\/2023\/09\/unnamed-293x366.jpeg 293w, https:\/\/silverlakeblog.com\/wp-content\/uploads\/2023\/09\/unnamed.jpeg 1080w\" sizes=\"(max-width: 819px) 100vw, 819px\" \/><\/noscript><\/figure><div class=\"wp-block-media-text__content\">\n<div class=\"wp-block-group\"><div class=\"wp-block-group__inner-container is-layout-constrained wp-block-group-is-layout-constrained\">\n<div class=\"wp-block-columns is-layout-flex wp-container-core-columns-is-layout-9d6595d7 wp-block-columns-is-layout-flex\">\n<div class=\"wp-block-column is-layout-flow wp-block-column-is-layout-flow\" style=\"flex-basis:100%\">\n<p><strong>MUERTE Y TRADICI\u00d3N ESCENARIO<\/strong><br>DannyLux<br>Irene D\u00edaz<br>Grupo Folcl\u00f3rico Cielito Lindo<br>Inspiraciones De Danza Mexicana<br>Tecnica Arte Y Folklore<br>Grupo Folcl\u00f3rico Bailes de Mi Tierra<br>Grupo Folcl\u00f3rico Princesa Donaji<br>Danza tradicional<br>Danza Pasi\u00f3n de Mi Tierra<\/p>\n<\/div>\n<\/div>\n<\/div><\/div>\n<\/div><\/div>\n\n\n\n<p><\/p>\n\n\n\n<ul class=\"wp-block-list\">\n<li>Cementerio Hollywood Forever<br>6000 Santa Monica Blvd.<br>Los Angeles, CA 90038<br><\/li>\n<\/ul>\n\n\n\n<p><a href=\"https:\/\/www.ladayofthedead.com\/event-info\/\">Encontrar\u00e1<\/a> m\u00e1s informaci\u00f3n e informaci\u00f3n sobre las entradas <a href=\"https:\/\/www.ladayofthedead.com\/event-info\/\">aqu\u00ed<\/a><\/p>\n\n\n\n<figure class=\"wp-block-embed is-type-video is-provider-youtube wp-block-embed-youtube wp-embed-aspect-16-9 wp-has-aspect-ratio\"><div class=\"wp-block-embed__wrapper\">\n<iframe class=\"zeen-lazy-load-base zeen-lazy-load\" title=\"Dia de los Muertos festival returns to Hollywood Forever\" width=\"1200\" height=\"675\" src=\"about:blank\" data-lazy-src=\"https:\/\/www.youtube.com\/embed\/R3PnDDyyL0E?feature=oembed\" frameborder=\"0\" allow=\"accelerometer; autoplay; clipboard-write; encrypted-media; gyroscope; picture-in-picture; web-share\" allowfullscreen><\/iframe><noscript><iframe title=\"Dia de los Muertos festival returns to Hollywood Forever\" width=\"1200\" height=\"675\" src=\"https:\/\/www.youtube.com\/embed\/R3PnDDyyL0E?feature=oembed\" frameborder=\"0\" allow=\"accelerometer; autoplay; clipboard-write; encrypted-media; gyroscope; picture-in-picture; web-share\" allowfullscreen><\/iframe><\/noscript>\n<\/div><figcaption class=\"wp-element-caption\">Detalles sobre la celebraci\u00f3n del D\u00eda de los Muertos de este a\u00f1o en Hollywood Forever.<\/figcaption><\/figure>\n\n\n\n<p><br><\/p>\n\n\n\n<h3 class=\"wp-block-heading\" id=\"h-hang-out-in-a-catholic-cemetary\">Pasar el rato en un cementerio cat\u00f3lico<\/h3>\n\n\n\n<p>Prep\u00e1rese para la emocionante celebraci\u00f3n del D\u00eda de Los Muertos 2023 de la Arquidi\u00f3cesis de Los \u00c1ngeles en tres cementerios cat\u00f3licos. Todo comenz\u00f3 en 2014 en el Cementerio y Tanatorio Calvario, creciendo en popularidad con el Cementerio y Tanatorio Santa Clara uni\u00e9ndose en 2016. Este a\u00f1o dar\u00e1n la bienvenida a las festividades al Cementerio de la Misi\u00f3n de San Fernando y a la funeraria cat\u00f3lica Mission Hills. A lo largo de 3 d\u00edas, los detalles del evento son los siguientes:<\/p>\n\n\n\n<p><strong>D\u00eda de Los Muertos Misa y&nbsp;Celebraci\u00f3n<br>Cementerio del Calvario, Los \u00c1ngeles Este<br>28 de octubre de 2023<\/strong><br>10.30 AM Apertura de puertas<br>12:00 PM Misa y bendici\u00f3n de los altares<br>1:30 PM Celebraci\u00f3n cultural, m\u00fasica, actividades infantiles&nbsp;y bailarines folcl\u00f3ricos<br>17:00 Fin del acto<\/p>\n\n\n\n<p><em>Cementerio y funeraria Calvary<br>4201 Whittier Blvd<br>East&nbsp;Los Angeles,&nbsp;90023<\/em><br><\/p>\n\n\n\n<h3 class=\"wp-block-heading\" id=\"h-celebrate-in-downey-with-dia-de-los-muertos-art-festival\">Celebra en Downey el Festival de Arte del D\u00eda de los Muertos<\/h3>\n\n\n\n<p>Centrado en el arte del D\u00eda de los Muertos, este festival contar\u00e1 con bailes folcl\u00f3ricos, pintacaras y galer\u00edas de arte. Este festival se celebrar\u00e1 en <a href=\"http:\/\/ddlm.downeytheatre.org\/\">el Downey Theater.<\/a><br>28 de octubre de 2023<br>Teatro Downey<br>8435 Firestone Boulevard<br>Downey, 90241<\/p>\n\n\n\n<p><\/p>\n\n\n\n<p><br><\/p>\n\n\n\n<h3 class=\"wp-block-heading\" id=\"h-50th-annual-dia-de-los-muertos-celebration-at-the-east-la-civic-center\"><br>50\u00aa Celebraci\u00f3n Anual del D\u00eda de los Muertos en el Centro C\u00edvico de Los \u00c1ngeles Este<\/h3>\n\n\n\n<p>Tenga en cuenta que la celebraci\u00f3n y las actividades de este a\u00f1o tendr\u00e1n lugar FUERA DEL SITIO debido a las renovaciones del Centro C\u00edvico. <a href=\"https:\/\/www.selfhelpgraphics.com\/diadelosmuertos\">Visite este sitio web para obtener m\u00e1s informaci\u00f3n.<\/a><br><\/p>\n\n\n\n<p><\/p>\n\n\n\n<h3 class=\"wp-block-heading\" id=\"h-run-a-5k\">\u00a1Corre una 5k!<\/h3>\n\n\n\n<p><a href=\"https:\/\/losmuertos5k.com\/events\/los-angeles\/\">Celebra con una<\/a> carrera\/caminata <a href=\"https:\/\/losmuertos5k.com\/events\/los-angeles\/\">de 5 km<\/a> el D\u00eda de Los Muertos Los \u00c1ngeles. Recorre la hist\u00f3rica calle Olvera y disfruta de m\u00fasica a lo largo del recorrido, bonitas medallas de finisher y una celebraci\u00f3n del D\u00eda de los Muertos tras la carrera. Todo el mundo es bienvenido.<\/p>\n\n\n\n<p>Cu\u00e1ndo:&nbsp;S\u00e1bado, 28 de octubre de 2023 a las 8:00 a.m. Recogida de paquetes a las 6:30 a.m.<\/p>\n\n\n\n<p>D\u00f3nde:&nbsp;<a href=\"https:\/\/elpueblo.lacity.org\/\">HISTORIC OLVERA STREET<\/a>&nbsp;en el centro de Los \u00c1ngeles.<br><\/p>\n\n\n\n<figure class=\"wp-block-image size-full\"><a href=\"https:\/\/silverlakeblog.com\/wp-content\/uploads\/2023\/08\/363354574_663735445798697_4996801288285118595_n.jpeg\"><img decoding=\"async\" src=\"data:image\/svg+xml,%3Csvg%20xmlns='http:\/\/www.w3.org\/2000\/svg'%20viewBox='0%200%20370%20247'%3E%3C\/svg%3E\" data-lazy-src=\"https:\/\/silverlakeblog.com\/wp-content\/uploads\/2023\/08\/363354574_663735445798697_4996801288285118595_n.jpeg\" alt=\"d\u00eda de los muertos dia de los muertos\" class=\"zeen-lazy-load-base zeen-lazy-load wp-image-61406\"><noscript><img decoding=\"async\" width=\"829\" height=\"552\" src=\"https:\/\/silverlakeblog.com\/wp-content\/uploads\/2023\/08\/363354574_663735445798697_4996801288285118595_n.jpeg\" alt=\"d\u00eda de los muertos dia de los muertos\" class=\"wp-image-61406\" srcset=\"https:\/\/silverlakeblog.com\/wp-content\/uploads\/2023\/08\/363354574_663735445798697_4996801288285118595_n.jpeg 829w, https:\/\/silverlakeblog.com\/wp-content\/uploads\/2023\/08\/363354574_663735445798697_4996801288285118595_n-300x200.jpeg 300w, https:\/\/silverlakeblog.com\/wp-content\/uploads\/2023\/08\/363354574_663735445798697_4996801288285118595_n-770x513.jpeg 770w, https:\/\/silverlakeblog.com\/wp-content\/uploads\/2023\/08\/363354574_663735445798697_4996801288285118595_n-360x240.jpeg 360w, https:\/\/silverlakeblog.com\/wp-content\/uploads\/2023\/08\/363354574_663735445798697_4996801288285118595_n-370x247.jpeg 370w, https:\/\/silverlakeblog.com\/wp-content\/uploads\/2023\/08\/363354574_663735445798697_4996801288285118595_n-293x195.jpeg 293w\" sizes=\"(max-width: 829px) 100vw, 829px\" \/><\/noscript><\/a><\/figure>\n\n\n\n<p><br><\/p>\n\n\n\n<h3 class=\"wp-block-heading\" id=\"h-tour-cemeteries-in-long-beach-with-the-historical-society\">Recorrido por los cementerios de Long Beach con la Sociedad Hist\u00f3rica<\/h3>\n\n\n\n<p>Te divertir\u00e1s de lo lindo.<\/p>\n\n\n\n<p>La Sociedad Hist\u00f3rica de Long Beach celebra la Visita Anual a los Cementerios Hist\u00f3ricos del Cementerio Municipal de Long Beach y del Cementerio Sunnyside el \u00faltimo s\u00e1bado de octubre. El acto, apto para todos los p\u00fablicos, incluye representaciones junto a la tumba a cargo de actores de teatro de la comunidad que representan la vida de la persona que descansa.<br><br>S\u00e1bado 28 de octubre, de 9:00 AM &#8211; 3:00 pm<br>Cementerios municipales y de Sunnyside<br>1095 &amp; 1151 E. Willow Street, Long Beach CA 90806<br><a href=\"https:\/\/hslb.ticketbud.com\/2023-historical-cemetery-tour\">Entradas aqu\u00ed<\/a><br><\/p>\n\n\n\n<h3 class=\"wp-block-heading\" id=\"h-the-city-of-downey-amp-downey-theatre-day-of-the-dead-festival\">Festival del D\u00eda de los Muertos de la Ciudad de Downey y el Teatro de Downey<br><\/h3>\n\n\n\n<p>Espect\u00e1culos, cerveza, vino y comida.<br>Este evento mostrar\u00e1 a artistas y vendedores locales que vender\u00e1n piezas \u00fanicas inspiradas en el D\u00eda de los Muertos.<br><a href=\"https:\/\/www.eventbrite.com\/e\/downey-dia-de-los-muertos-art-festival-tickets-641679489627?aff=ebdssbdestsearch\">M\u00e1s informaci\u00f3n y entradas aqu\u00ed<\/a><\/p>\n\n\n\n<p>28 de octubre de 11:00 AM &#8211; 8:00 PM<br><strong>Downey Theatre<\/strong>&nbsp;8435 Firestone Boulevard Downey, CA 90241<\/p>\n\n\n\n<h3 class=\"wp-block-heading\" id=\"h-fullerton-muckenthaler-dia-de-los-muertos\"><br><br>Fullerton Muckenthaler D\u00eda de los Muertos<\/h3>\n\n\n\n<p>Cel\u00e9bralo en \u00abThe Muck\u00bb, en Fullerton, el 29 de octubre de 2023. <br><br><em>The Muck produce cerca de 100 eventos al a\u00f1o. Entre ellos, conciertos en nuestro extraordinario anfiteatro al aire libre y en nuestro espacio interior de cabaret. Eso incluye nuestros cinco Festivales Culturales gratuitos para la comunidad, nuestras exposiciones en galer\u00edas de arte, un ciclo de conferencias y proyecciones cinematogr\u00e1ficas ocasionales.<\/em><br><br><a href=\"https:\/\/dola.com\/events\/2023\/10\/29\/dia-de-los-muertos-festival-tickets\">Las entradas pueden encontrarse aqu\u00ed.<\/a><br>29 de octubre, de 12:00 AM &#8211; 4:00 PM<br><\/p>\n\n\n\n<h3 class=\"wp-block-heading\" id=\"h-simi-valley-historical-society\"><br>Sociedad Hist\u00f3rica de Simi Valley<\/h3>\n\n\n\n<p>\u00a1Disfrute de las actividades del D\u00eda de los Muertos en Simi Valley!<br>29 de octubre de 2023<br>De 11:00 AM &#8211; 5:00 PM<br>Parque Hist\u00f3rico de Strathearn<br>137 Strathearn Pl<br>Simi Valley, CA<br>Entradas e informaci\u00f3n en su <a href=\"http:\/\/www.simihistory.com\">sitio web<\/a> y <a href=\"https:\/\/www.facebook.com\/Strathearnpark\/\">Facebook<\/a><\/p>\n\n\n\n<figure class=\"wp-block-image size-large is-resized\"><a href=\"https:\/\/silverlakeblog.com\/wp-content\/uploads\/2023\/09\/Screen-Shot-2023-09-23-at-11.16.01-AM.png\"><img decoding=\"async\" src=\"data:image\/svg+xml,%3Csvg%20xmlns='http:\/\/www.w3.org\/2000\/svg'%20viewBox='0%200%20587%20576'%3E%3C\/svg%3E\" data-lazy-src=\"https:\/\/silverlakeblog.com\/wp-content\/uploads\/2023\/09\/Screen-Shot-2023-09-23-at-11.16.01-AM-1024x1005.png\" alt=\"\" class=\"zeen-lazy-load-base zeen-lazy-load wp-image-61915\" style=\"width:587px;height:576px\" width=\"587\" height=\"576\"><noscript><img decoding=\"async\" src=\"https:\/\/silverlakeblog.com\/wp-content\/uploads\/2023\/09\/Screen-Shot-2023-09-23-at-11.16.01-AM-1024x1005.png\" alt=\"\" class=\"wp-image-61915\" style=\"width:587px;height:576px\" width=\"587\" height=\"576\" srcset=\"https:\/\/silverlakeblog.com\/wp-content\/uploads\/2023\/09\/Screen-Shot-2023-09-23-at-11.16.01-AM-1024x1005.png 1024w, https:\/\/silverlakeblog.com\/wp-content\/uploads\/2023\/09\/Screen-Shot-2023-09-23-at-11.16.01-AM-300x294.png 300w, https:\/\/silverlakeblog.com\/wp-content\/uploads\/2023\/09\/Screen-Shot-2023-09-23-at-11.16.01-AM-770x756.png 770w, https:\/\/silverlakeblog.com\/wp-content\/uploads\/2023\/09\/Screen-Shot-2023-09-23-at-11.16.01-AM-293x288.png 293w, https:\/\/silverlakeblog.com\/wp-content\/uploads\/2023\/09\/Screen-Shot-2023-09-23-at-11.16.01-AM.png 1190w\" sizes=\"(max-width: 587px) 100vw, 587px\" \/><\/noscript><\/a><\/figure>\n\n\n\n<p><br><\/p>\n\n\n\n<figure class=\"wp-block-image size-large\"><a href=\"https:\/\/silverlakeblog.com\/wp-content\/uploads\/2023\/09\/14.png\"><img decoding=\"async\" src=\"data:image\/svg+xml,%3Csvg%20xmlns='http:\/\/www.w3.org\/2000\/svg'%20viewBox='0%200%20370%20247'%3E%3C\/svg%3E\" data-lazy-src=\"https:\/\/silverlakeblog.com\/wp-content\/uploads\/2023\/09\/14-1024x512.png\" alt=\"Dia De Los Muertos Los Angeles\" class=\"zeen-lazy-load-base zeen-lazy-load wp-image-61637\"><noscript><img decoding=\"async\" width=\"1024\" height=\"512\" src=\"https:\/\/silverlakeblog.com\/wp-content\/uploads\/2023\/09\/14-1024x512.png\" alt=\"Dia De Los Muertos Los Angeles\" class=\"wp-image-61637\" srcset=\"https:\/\/silverlakeblog.com\/wp-content\/uploads\/2023\/09\/14-1024x512.png 1024w, https:\/\/silverlakeblog.com\/wp-content\/uploads\/2023\/09\/14-300x150.png 300w, https:\/\/silverlakeblog.com\/wp-content\/uploads\/2023\/09\/14-770x385.png 770w, https:\/\/silverlakeblog.com\/wp-content\/uploads\/2023\/09\/14-585x293.png 585w, https:\/\/silverlakeblog.com\/wp-content\/uploads\/2023\/09\/14-1170x585.png 1170w, https:\/\/silverlakeblog.com\/wp-content\/uploads\/2023\/09\/14-293x147.png 293w, https:\/\/silverlakeblog.com\/wp-content\/uploads\/2023\/09\/14.png 1200w\" sizes=\"(max-width: 1024px) 100vw, 1024px\" \/><\/noscript><\/a><\/figure>\n\n\n\n<h3 class=\"wp-block-heading\" id=\"h-candlelight-glendale-dia-de-los-muertos-celebrating-the-day-of-the-dead\"><br>Luz de las Velas Glendale: D\u00eda De Los Muertos &#8211; Celebraci\u00f3n del D\u00eda de los Muertos<br><\/h3>\n\n\n\n<p><em>Los conciertos a la luz de las velas&nbsp;llevan la magia de una experiencia musical multisensorial en directo a lugares asombrosos como nunca antes se hab\u00edan visto en Los \u00c1ngeles. Consigue ya tus entradas para descubrir la m\u00fasica inspirada en el D\u00eda de los Muertos en el Vertigo Event Venue bajo el suave resplandor de la luz de las velas.<\/em><br><br><strong>Centro de eventos V\u00e9rtigo, Glendale<br>Mi\u00e9rcoles 1 de noviembre  <br>Dos funciones, 6:30 PM y 9:00 PM<\/strong><br><a href=\"https:\/\/feverup.com\/m\/131160\">Entradas aqu\u00ed<\/a><\/p>\n\n\n\n<figure class=\"wp-block-image size-full\"><a href=\"https:\/\/silverlakeblog.com\/wp-content\/uploads\/2023\/08\/Screen-Shot-2023-08-21-at-10.19.46-PM.png\"><img decoding=\"async\" src=\"data:image\/svg+xml,%3Csvg%20xmlns='http:\/\/www.w3.org\/2000\/svg'%20viewBox='0%200%20370%20247'%3E%3C\/svg%3E\" data-lazy-src=\"https:\/\/silverlakeblog.com\/wp-content\/uploads\/2023\/08\/Screen-Shot-2023-08-21-at-10.19.46-PM.png\" alt=\"d\u00eda de los muertos\" class=\"zeen-lazy-load-base zeen-lazy-load wp-image-61408\"><noscript><img decoding=\"async\" width=\"916\" height=\"568\" src=\"https:\/\/silverlakeblog.com\/wp-content\/uploads\/2023\/08\/Screen-Shot-2023-08-21-at-10.19.46-PM.png\" alt=\"d\u00eda de los muertos\" class=\"wp-image-61408\" srcset=\"https:\/\/silverlakeblog.com\/wp-content\/uploads\/2023\/08\/Screen-Shot-2023-08-21-at-10.19.46-PM.png 916w, https:\/\/silverlakeblog.com\/wp-content\/uploads\/2023\/08\/Screen-Shot-2023-08-21-at-10.19.46-PM-300x186.png 300w, https:\/\/silverlakeblog.com\/wp-content\/uploads\/2023\/08\/Screen-Shot-2023-08-21-at-10.19.46-PM-770x477.png 770w, https:\/\/silverlakeblog.com\/wp-content\/uploads\/2023\/08\/Screen-Shot-2023-08-21-at-10.19.46-PM-293x182.png 293w\" sizes=\"(max-width: 916px) 100vw, 916px\" \/><\/noscript><\/a><\/figure>\n\n\n\n<h3 class=\"wp-block-heading\" id=\"h-cal-state-la-student-celebrate-on-campus\"><br>\u00bfEstudiante de Cal State LA? Celebraci\u00f3n en el campus<br><\/h3>\n\n\n\n<p><a href=\"https:\/\/www.calstatela.edu\/calendar\/dia-de-los-muertos\">Una noche para recordar<\/a> y honrar a nuestros seres queridos. Celebra el D\u00eda de los Muertos con los Centros Interculturales y la comunidad universitaria con una velada de tradici\u00f3n y celebraci\u00f3n de nuestros esp\u00edritus ancestrales. Los Golden Eagles y la comunidad tendr\u00e1n la oportunidad de conectarse con los seres queridos que han fallecido visitando altares creados por socios del campus, organizaciones estudiantiles y el Centro de Recursos para Estudiantes Chicanx Latinx.<br><strong>Mi\u00e9rcoles, 1 de noviembre de 2023 &#8211; de 5:00 PM &#8211; 7:00 PM<br>Plaza U-SU<\/strong><br><\/p>\n\n\n\n<h3 class=\"wp-block-heading\" id=\"h-solemn-vespers-for-all-soul-s-day\">V\u00edsperas solemnes del d\u00eda de Todos los Santos<\/h3>\n\n\n\n<p>Se invita a los cat\u00f3licos de Los \u00c1ngeles a las actividades del D\u00eda de los Muertos, incluidas las V\u00edsperas Solemnes presididas por el P. Michael Mesa en la Catedral de Nuestra Se\u00f1ora de los \u00c1ngeles.&nbsp;<\/p>\n\n\n\n<p><em>La celebraci\u00f3n del D\u00eda de Todos los Santos es una tradici\u00f3n centenaria del cristianismo occidental (el 2 de noviembre) en la que los fieles asisten a misa, ofrecen oraciones y sacrificios y encienden velas para ayudar a aliviar el sufrimiento de quienes han muerto sin haberse salvado y cuyas almas se cree que est\u00e1n en el purgatorio.<\/em><br>*Este d\u00eda, el horario del Mausoleo se ampliar\u00e1 hasta las 20:00 horas.<br><strong>Jueves, 2 de noviembre de 2023<\/strong>&nbsp;<strong>a las 6:30 PM<\/strong><br><a href=\"https:\/\/lacatholics.org\/event\/solemn-vespers-for-all-souls-day\/\">M\u00e1s informaci\u00f3n aqu\u00ed.<\/a><br><\/p>\n\n\n\n<h3 class=\"wp-block-heading\" id=\"h-noche-de-altares-centro-cultural-de-mexico-in-santa-ana\">Noche de Altares. &#8211; Centro Cultural de M\u00e9xico en Santa Ana<\/h3>\n\n\n\n<p>Por vig\u00e9simo primer a\u00f1o consecutivo, se invita a familias, estudiantes, organizaciones comunitarias, activistas, artistas y empresas de Santa Ana y alrededores a construir un altar en memoria de un ser querido fallecido o para concienciar sobre un problema social.<br>4 de noviembre de 2023<br>1:00 PM &#8211; 9:00 PM<br>Centro C\u00edvico y de Flores<br>Santa Ana<br>Mant\u00e9ngase al d\u00eda en su <a href=\"https:\/\/www.nochedealtares.info\/\">sitio web aqu\u00ed.<\/a><br><\/p>\n\n\n\n<figure class=\"wp-block-image size-large\"><a href=\"https:\/\/silverlakeblog.com\/wp-content\/uploads\/2023\/08\/Screen-Shot-2023-08-22-at-3.57.56-PM.png\"><img decoding=\"async\" src=\"data:image\/svg+xml,%3Csvg%20xmlns='http:\/\/www.w3.org\/2000\/svg'%20viewBox='0%200%20370%20247'%3E%3C\/svg%3E\" data-lazy-src=\"https:\/\/silverlakeblog.com\/wp-content\/uploads\/2023\/08\/Screen-Shot-2023-08-22-at-3.57.56-PM-1024x792.png\" alt=\"d\u00eda de los muertos dia de los muertos\" class=\"zeen-lazy-load-base zeen-lazy-load wp-image-61417\"><noscript><img decoding=\"async\" width=\"1024\" height=\"792\" src=\"https:\/\/silverlakeblog.com\/wp-content\/uploads\/2023\/08\/Screen-Shot-2023-08-22-at-3.57.56-PM-1024x792.png\" alt=\"d\u00eda de los muertos dia de los muertos\" class=\"wp-image-61417\" srcset=\"https:\/\/silverlakeblog.com\/wp-content\/uploads\/2023\/08\/Screen-Shot-2023-08-22-at-3.57.56-PM-1024x792.png 1024w, https:\/\/silverlakeblog.com\/wp-content\/uploads\/2023\/08\/Screen-Shot-2023-08-22-at-3.57.56-PM-300x232.png 300w, https:\/\/silverlakeblog.com\/wp-content\/uploads\/2023\/08\/Screen-Shot-2023-08-22-at-3.57.56-PM-770x596.png 770w, https:\/\/silverlakeblog.com\/wp-content\/uploads\/2023\/08\/Screen-Shot-2023-08-22-at-3.57.56-PM-293x227.png 293w, https:\/\/silverlakeblog.com\/wp-content\/uploads\/2023\/08\/Screen-Shot-2023-08-22-at-3.57.56-PM.png 1246w\" sizes=\"(max-width: 1024px) 100vw, 1024px\" \/><\/noscript><\/a><\/figure>\n\n\n\n<h3 class=\"wp-block-heading\" id=\"h-long-beach-grand-parade\"><br>Gran desfile de Long Beach<\/h3>\n\n\n\n<p>El Gran Desfile del D\u00eda de los Muertos regresa a Long Beach el s\u00e1bado 4 de noviembre de 2023 presentado por la Ciudad de Long Beach y la Concejal Mary Zendejas, en conjunto con el Festival Arte y Ofrendas. Un desfile y festival culturalmente rico que celebra la historia, los mitos y el arte del D\u00eda de Muertos, que se origin\u00f3 en el M\u00e9xico prehisp\u00e1nico hace m\u00e1s de 3.000 a\u00f1os y que ahora se celebra en todo el mundo honrando la vida de nuestros antepasados y celebr\u00e1ndolo en familia. El acontecimiento tambi\u00e9n se retransmitir\u00e1 por Channel 7.<br>S\u00e1bado, 4 de noviembre de 2023<br>De 11:00 AM &#8211; 12:30 PM<br><a href=\"https:\/\/www.eventbrite.com\/e\/dia-de-los-muertos-grand-parade-festival-tickets-723561701527?aff=floatingmenu\">Entradas en Eventbrite aqu\u00ed<\/a><\/p>\n\n\n\n<figure class=\"wp-block-image size-large is-resized\"><a href=\"https:\/\/silverlakeblog.com\/wp-content\/uploads\/2023\/10\/Screen-Shot-2023-10-05-at-4.33.39-PM.png\"><img decoding=\"async\" src=\"data:image\/svg+xml,%3Csvg%20xmlns='http:\/\/www.w3.org\/2000\/svg'%20viewBox='0%200%20636%20633'%3E%3C\/svg%3E\" data-lazy-src=\"https:\/\/silverlakeblog.com\/wp-content\/uploads\/2023\/10\/Screen-Shot-2023-10-05-at-4.33.39-PM-1024x1019.png\" alt=\"\" class=\"zeen-lazy-load-base zeen-lazy-load wp-image-72538\" style=\"width:636px;height:633px\" width=\"636\" height=\"633\"><noscript><img decoding=\"async\" src=\"https:\/\/silverlakeblog.com\/wp-content\/uploads\/2023\/10\/Screen-Shot-2023-10-05-at-4.33.39-PM-1024x1019.png\" alt=\"\" class=\"wp-image-72538\" style=\"width:636px;height:633px\" width=\"636\" height=\"633\" srcset=\"https:\/\/silverlakeblog.com\/wp-content\/uploads\/2023\/10\/Screen-Shot-2023-10-05-at-4.33.39-PM-1024x1019.png 1024w, https:\/\/silverlakeblog.com\/wp-content\/uploads\/2023\/10\/Screen-Shot-2023-10-05-at-4.33.39-PM-300x300.png 300w, https:\/\/silverlakeblog.com\/wp-content\/uploads\/2023\/10\/Screen-Shot-2023-10-05-at-4.33.39-PM-100x100.png 100w, https:\/\/silverlakeblog.com\/wp-content\/uploads\/2023\/10\/Screen-Shot-2023-10-05-at-4.33.39-PM-770x766.png 770w, https:\/\/silverlakeblog.com\/wp-content\/uploads\/2023\/10\/Screen-Shot-2023-10-05-at-4.33.39-PM-293x292.png 293w, https:\/\/silverlakeblog.com\/wp-content\/uploads\/2023\/10\/Screen-Shot-2023-10-05-at-4.33.39-PM.png 1270w\" sizes=\"(max-width: 636px) 100vw, 636px\" \/><\/noscript><\/a><\/figure>\n\n\n\n<p><br><strong>D\u00eda de Los Muertos Misa y&nbsp;Celebraci\u00f3n<\/strong><br>Cementerio Santa Clara &amp;&nbsp;Mortuary, Oxnard<br>4 de noviembre de 2023<br>10.30 h Apertura de puertas<br>12:00 h Misa y bendici\u00f3n de los altares<br>1:30 PM Celebraci\u00f3n cultural, m\u00fasica, actividades infantiles&nbsp;y bailarines folcl\u00f3ricos<br>5:00 PM Fin del acto<br><em>Cementerio y Tanatorio Santa Clara<br>2370 North H Street<br>Oxnard, CA 93036<\/em><br><\/p>\n\n\n\n<p><strong>D\u00eda de Los Muertos Misa y&nbsp;Celebraci\u00f3n<\/strong><br><strong>Cementerio de la Misi\u00f3n de San Fernando<br>&amp; Funeraria cat\u00f3lica Mission Hills, Mission Hills<br>4 de noviembre de 2023<\/strong><br>10:30 PM Apertura de puertas<br>12:00 PM Bendici\u00f3n de los altares<br>1:30 PM Celebraci\u00f3n cultural, m\u00fasica, actividades infantiles&nbsp;y bailarines folcl\u00f3ricos<br>18:00 Misa<br>19.30 h Fin del acto<br><br><em>Cementerio de la Misi\u00f3n de San Fernando<br>&amp; Funeraria cat\u00f3lica Mission Hills<br>11160 Avenida Stranwood<br>Mission Hills, CA 91345<\/em><br><\/p>\n\n\n\n<figure class=\"wp-block-image size-large is-resized\"><a href=\"https:\/\/silverlakeblog.com\/wp-content\/uploads\/2023\/09\/Screen-Shot-2023-09-12-at-12.47.18-PM.png\"><img decoding=\"async\" src=\"data:image\/svg+xml,%3Csvg%20xmlns='http:\/\/www.w3.org\/2000\/svg'%20viewBox='0%200%20538%20653'%3E%3C\/svg%3E\" data-lazy-src=\"https:\/\/silverlakeblog.com\/wp-content\/uploads\/2023\/09\/Screen-Shot-2023-09-12-at-12.47.18-PM-844x1024.png\" alt=\"cementerio cat\u00f3lico d\u00eda de los muertos \" class=\"zeen-lazy-load-base zeen-lazy-load wp-image-61740\" style=\"width:538px;height:653px\" width=\"538\" height=\"653\"><noscript><img decoding=\"async\" src=\"https:\/\/silverlakeblog.com\/wp-content\/uploads\/2023\/09\/Screen-Shot-2023-09-12-at-12.47.18-PM-844x1024.png\" alt=\"cementerio cat\u00f3lico d\u00eda de los muertos \" class=\"wp-image-61740\" style=\"width:538px;height:653px\" width=\"538\" height=\"653\" srcset=\"https:\/\/silverlakeblog.com\/wp-content\/uploads\/2023\/09\/Screen-Shot-2023-09-12-at-12.47.18-PM-844x1024.png 844w, https:\/\/silverlakeblog.com\/wp-content\/uploads\/2023\/09\/Screen-Shot-2023-09-12-at-12.47.18-PM-247x300.png 247w, https:\/\/silverlakeblog.com\/wp-content\/uploads\/2023\/09\/Screen-Shot-2023-09-12-at-12.47.18-PM-770x934.png 770w, https:\/\/silverlakeblog.com\/wp-content\/uploads\/2023\/09\/Screen-Shot-2023-09-12-at-12.47.18-PM-293x355.png 293w, https:\/\/silverlakeblog.com\/wp-content\/uploads\/2023\/09\/Screen-Shot-2023-09-12-at-12.47.18-PM.png 1126w\" sizes=\"(max-width: 538px) 100vw, 538px\" \/><\/noscript><\/a><\/figure>\n\n\n\n<p><br><br><\/p>\n\n\n\n<h3 class=\"wp-block-heading\" id=\"h-walk-main-street-in-canoga-park\"><br>Paseo por la calle principal de Canoga Park<\/h3>\n\n\n\n<figure class=\"wp-block-image size-large is-resized\"><a href=\"https:\/\/silverlakeblog.com\/wp-content\/uploads\/2023\/09\/Dia-Flyer-with-theme.webp\"><img decoding=\"async\" src=\"data:image\/svg+xml,%3Csvg%20xmlns='http:\/\/www.w3.org\/2000\/svg'%20viewBox='0%200%20516%20794'%3E%3C\/svg%3E\" data-lazy-src=\"https:\/\/silverlakeblog.com\/wp-content\/uploads\/2023\/09\/Dia-Flyer-with-theme-665x1024.webp\" alt=\"d\u00eda de los muertos \" class=\"zeen-lazy-load-base zeen-lazy-load wp-image-61742\" style=\"width:516px;height:794px\" width=\"516\" height=\"794\"><noscript><img decoding=\"async\" src=\"https:\/\/silverlakeblog.com\/wp-content\/uploads\/2023\/09\/Dia-Flyer-with-theme-665x1024.webp\" alt=\"d\u00eda de los muertos \" class=\"wp-image-61742\" style=\"width:516px;height:794px\" width=\"516\" height=\"794\" srcset=\"https:\/\/silverlakeblog.com\/wp-content\/uploads\/2023\/09\/Dia-Flyer-with-theme-665x1024.webp 665w, https:\/\/silverlakeblog.com\/wp-content\/uploads\/2023\/09\/Dia-Flyer-with-theme-195x300.webp 195w, https:\/\/silverlakeblog.com\/wp-content\/uploads\/2023\/09\/Dia-Flyer-with-theme-293x451.webp 293w, https:\/\/silverlakeblog.com\/wp-content\/uploads\/2023\/09\/Dia-Flyer-with-theme.webp 730w\" sizes=\"(max-width: 516px) 100vw, 516px\" \/><\/noscript><\/a><\/figure>\n\n\n\n<p>Esta celebraci\u00f3n de Canoga Park est\u00e1 repleta de actividades del D\u00eda de los Muertos.<br>Domingo 5 de noviembre de 2023<br>De 10:00 AM &#8211; 5:00 PM<br>En Sherman Way entre Canoga Ave y Topanga Canyon.<br><\/p>\n\n\n\n<h3 class=\"wp-block-heading\" id=\"h-bowers-museum-in-santa-ana\">Museo Bowers de Santa Ana<\/h3>\n\n\n\n<p>Disfrute de un d\u00eda completo de diversi\u00f3n para toda la familia. Cada festival incluye pintura de caras, proyectos art\u00edsticos, actuaciones en directo y mucho m\u00e1s. Este acto forma parte de la serie mensual de Festivales Familiares Gratuitos del Museo Bowers, generosamente patrocinados por la Nicholas Endowment.<br><a href=\"https:\/\/www.bowers.org\/index.php\/programs\/events-calendar\/event\/3463-mexican-day-of-the-dead\">M\u00e1s informaci\u00f3n aqu\u00ed.<\/a><br>2002 North Main Street<br>Santa Ana, CA 92706<br>Domingo, 5 de noviembre | 11:00 AM &#8211; 3:00 PM<\/p>\n\n\n\n<h3 class=\"wp-block-heading\" id=\"h-oc-wine-amp-spirit-fest-dia-de-los-muertos\"><br>OC Wine &amp; Spirit Fest D\u00eda de los Muertos<\/h3>\n\n\n\n<p>El billete incluye degustaciones ilimitadas de vinos y licores, adem\u00e1s de baile y mucho m\u00e1s.<br>5 de noviembre de 2023<br>Giracci Vineyards &amp; Farms, 16162 Jackson Ranch Rd. N, Silverado, CA 92676<br><a href=\"https:\/\/ocwineandspiritfest.com\/\">Informaci\u00f3n sobre las entradas aqu\u00ed.<\/a><br><br><\/p>\n\n\n\n<hr class=\"wp-block-separator has-text-color has-white-color has-alpha-channel-opacity has-white-background-color has-background\">\n\n\n\n<figure class=\"wp-block-image size-large\"><a href=\"https:\/\/silverlakeblog.com\/wp-content\/uploads\/2023\/08\/Silverlake-Blogs-800x1200-Graphic-Template-5.png\"><img decoding=\"async\" src=\"data:image\/svg+xml,%3Csvg%20xmlns='http:\/\/www.w3.org\/2000\/svg'%20viewBox='0%200%20370%20247'%3E%3C\/svg%3E\" data-lazy-src=\"https:\/\/silverlakeblog.com\/wp-content\/uploads\/2023\/08\/Silverlake-Blogs-800x1200-Graphic-Template-5-683x1024.png\" alt=\"Dia De Los Muertos Los Angeles\" class=\"zeen-lazy-load-base zeen-lazy-load wp-image-61550\"><noscript><img decoding=\"async\" width=\"683\" height=\"1024\" src=\"https:\/\/silverlakeblog.com\/wp-content\/uploads\/2023\/08\/Silverlake-Blogs-800x1200-Graphic-Template-5-683x1024.png\" alt=\"Dia De Los Muertos Los Angeles\" class=\"wp-image-61550\" srcset=\"https:\/\/silverlakeblog.com\/wp-content\/uploads\/2023\/08\/Silverlake-Blogs-800x1200-Graphic-Template-5-683x1024.png 683w, https:\/\/silverlakeblog.com\/wp-content\/uploads\/2023\/08\/Silverlake-Blogs-800x1200-Graphic-Template-5-200x300.png 200w, https:\/\/silverlakeblog.com\/wp-content\/uploads\/2023\/08\/Silverlake-Blogs-800x1200-Graphic-Template-5-770x1155.png 770w, https:\/\/silverlakeblog.com\/wp-content\/uploads\/2023\/08\/Silverlake-Blogs-800x1200-Graphic-Template-5-293x440.png 293w, https:\/\/silverlakeblog.com\/wp-content\/uploads\/2023\/08\/Silverlake-Blogs-800x1200-Graphic-Template-5.png 800w\" sizes=\"(max-width: 683px) 100vw, 683px\" \/><\/noscript><\/a><\/figure>\n\n\n\n<p><\/p>\n\n\n\n<hr class=\"wp-block-separator has-alpha-channel-opacity\">\n\n\n\n<p>Esta entrada de blog fue creada por Todd Pivetti, uno de los mejores agentes inmobiliarios de Los \u00c1ngeles con <a href=\"https:\/\/shelhamergroup.com\/meet-our-team\/todd-pivetti\/\">The Shelhamer Real Estate Group.<\/a> Todd es un residente de larga data del noreste de Los \u00c1ngeles, (Los Feliz), y est\u00e1 descaradamente obsesionado con todas las cosas <a href=\"https:\/\/silverlakeblog.com\/public-house-los-feliz\/\">East Side<\/a>. Cuando no est\u00e1 escribiendo entradas en su blog o vendiendo casas, es voluntario en el Centro LGBT o busca las mejores tiendas de segunda mano. <\/p>\n\n\n\n<hr class=\"wp-block-separator has-alpha-channel-opacity\">\n\n\n\n<div class=\"wp-block-media-text is-stacked-on-mobile is-vertically-aligned-center\" style=\"grid-template-columns:28% auto\"><figure class=\"wp-block-media-text__media\"><img decoding=\"async\" src=\"data:image\/svg+xml,%3Csvg%20xmlns='http:\/\/www.w3.org\/2000\/svg'%20viewBox='0%200%20370%20247'%3E%3C\/svg%3E\" data-lazy-src=\"https:\/\/silverlakeblog.com\/wp-content\/uploads\/2023\/05\/DSCF4885_2_25-1-732x1024.jpeg\" alt=\"todd pivetti agente inmobiliario\" class=\"zeen-lazy-load-base zeen-lazy-load wp-image-60654 size-full\"><noscript><img decoding=\"async\" width=\"732\" height=\"1024\" src=\"https:\/\/silverlakeblog.com\/wp-content\/uploads\/2023\/05\/DSCF4885_2_25-1-732x1024.jpeg\" alt=\"todd pivetti agente inmobiliario\" class=\"wp-image-60654 size-full\" srcset=\"https:\/\/silverlakeblog.com\/wp-content\/uploads\/2023\/05\/DSCF4885_2_25-1-732x1024.jpeg 732w, https:\/\/silverlakeblog.com\/wp-content\/uploads\/2023\/05\/DSCF4885_2_25-1-214x300.jpeg 214w, https:\/\/silverlakeblog.com\/wp-content\/uploads\/2023\/05\/DSCF4885_2_25-1-770x1078.jpeg 770w, https:\/\/silverlakeblog.com\/wp-content\/uploads\/2023\/05\/DSCF4885_2_25-1-293x410.jpeg 293w, https:\/\/silverlakeblog.com\/wp-content\/uploads\/2023\/05\/DSCF4885_2_25-1.jpeg 953w\" sizes=\"(max-width: 732px) 100vw, 732px\" \/><\/noscript><\/figure><div class=\"wp-block-media-text__content\">\n<p><\/p>\n\n\n\n<p>Si tiene alguna pregunta sobre este blog, o tiene alguna necesidad inmobiliaria &#8211; no sea t\u00edmido, \u00a1diga Hola!<\/p>\n\n\n\n<p>323-804-8167<\/p>\n\n\n\n<p>todd@shelhamergroup.com<br><a href=\"https:\/\/www.instagram.com\/notyourdaddysrealtor\/\">@NotYourDaddysRealtor<\/a> (insta) <br><br><\/p>\n<\/div><\/div>\n\n\n\n<div class=\"wp-block-buttons is-layout-flex wp-block-buttons-is-layout-flex\">\n<div class=\"wp-block-button\"><a class=\"wp-block-button__link has-text-align-center wp-element-button\" href=\"https:\/\/notyourdaddysrealtor.com\/lets-do-it\">Contacto Todd<\/a><\/div>\n<\/div>\n\n\n\n<h2 class=\"wp-block-heading has-text-align-center\" id=\"h-past-events\">Eventos pasados<\/h2>\n\n\n\n<figure class=\"wp-block-image size-large\"><a href=\"https:\/\/silverlakeblog.com\/wp-content\/uploads\/2023\/09\/12.png\"><img decoding=\"async\" src=\"data:image\/svg+xml,%3Csvg%20xmlns='http:\/\/www.w3.org\/2000\/svg'%20viewBox='0%200%20370%20247'%3E%3C\/svg%3E\" data-lazy-src=\"https:\/\/silverlakeblog.com\/wp-content\/uploads\/2023\/09\/12-1024x512.png\" alt=\"Dia De Los Muertos Los Angeles\" class=\"zeen-lazy-load-base zeen-lazy-load wp-image-61639\"><noscript><img decoding=\"async\" width=\"1200\" height=\"600\" src=\"https:\/\/silverlakeblog.com\/wp-content\/uploads\/2023\/09\/12-1024x512.png\" alt=\"Dia De Los Muertos Los Angeles\" class=\"wp-image-61639\" srcset=\"https:\/\/silverlakeblog.com\/wp-content\/uploads\/2023\/09\/12-1024x512.png 1024w, https:\/\/silverlakeblog.com\/wp-content\/uploads\/2023\/09\/12-300x150.png 300w, https:\/\/silverlakeblog.com\/wp-content\/uploads\/2023\/09\/12-770x385.png 770w, https:\/\/silverlakeblog.com\/wp-content\/uploads\/2023\/09\/12-585x293.png 585w, https:\/\/silverlakeblog.com\/wp-content\/uploads\/2023\/09\/12-1170x585.png 1170w, https:\/\/silverlakeblog.com\/wp-content\/uploads\/2023\/09\/12-293x147.png 293w, https:\/\/silverlakeblog.com\/wp-content\/uploads\/2023\/09\/12.png 1200w\" sizes=\"(max-width: 1200px) 100vw, 1200px\" \/><\/noscript><\/a><\/figure>\n\n\n\n<h3 class=\"wp-block-heading\" id=\"h-dia-de-los-muertos-in-eagle-rock-2016\">D\u00eda De Los Muertos en Eagle Rock 2016<\/h3>\n\n\n\n<p class=\"has-text-align-left\">DIA DE LOS MUERTOS EN NOCHES DE TROVA<\/p>\n\n\n\n<p>La noche de la Trova dedicar\u00e1 esta velada especial a honrar a los muertos. Los trovadores residentes Esteban, Tom\u00e1s y Jorge cantar\u00e1n un repertorio especial de canciones conmemorativas de aquellos que han fallecido antes que nosotros.<\/p>\n\n\n\n<h4 class=\"wp-block-heading\" id=\"h-all-ages-free-nbsp-live-music-art-food-amp-libations\">Todas las edades | Gratis |&nbsp;M\u00fasica en directo | Arte | Comida y bebidas<\/h4>\n\n\n\n<p>La altarista Judith V. Rogers construir\u00e1 un altar a las almas difuntas en el que se representar\u00e1n los cuatro elementos tradicionales: tierra, aire, agua y fuego. Se anima a los asistentes a traer una foto de sus seres queridos para colocarla en el altar.<\/p>\n\n\n\n<p>Qui\u00e9n y qu\u00e9 es&nbsp;Producci\u00f4nes Tenoch&nbsp;<a href=\"http:\/\/tenoch.org\/\">\u00bftenoch.org<\/a>? Desde hace 18 a\u00f1os,&nbsp;TENOCH es un grupo de&nbsp;artistas mexicanos que residen aqu\u00ed en&nbsp;Los Angeles, que juntos promueven: Teatro, Poes\u00eda, Literatura, Cine, Danza, Folklore y estilos contempor\u00e1neos de m\u00fasica i.e. Trova. Aqu\u00ed tiene un adelanto de lo que se trata:<\/p>\n\n\n\n<figure class=\"wp-block-embed is-type-video is-provider-youtube wp-block-embed-youtube wp-embed-aspect-16-9 wp-has-aspect-ratio\"><div class=\"wp-block-embed__wrapper\">\n<iframe class=\"zeen-lazy-load-base zeen-lazy-load\" title=\"NOCHES DE TROVA | VISTA LA\" width=\"1200\" height=\"675\" src=\"about:blank\" data-lazy-src=\"https:\/\/www.youtube.com\/embed\/GO2CFzIIVd4?feature=oembed\" frameborder=\"0\" allow=\"accelerometer; autoplay; clipboard-write; encrypted-media; gyroscope; picture-in-picture; web-share\" allowfullscreen><\/iframe><noscript><iframe title=\"NOCHES DE TROVA | VISTA LA\" width=\"1200\" height=\"675\" src=\"https:\/\/www.youtube.com\/embed\/GO2CFzIIVd4?feature=oembed\" frameborder=\"0\" allow=\"accelerometer; autoplay; clipboard-write; encrypted-media; gyroscope; picture-in-picture; web-share\" allowfullscreen><\/iframe><\/noscript>\n<\/div><\/figure>\n\n\n\n<p>El viernes 4 de noviembre, una noche especial celebrar\u00e1 a los muertos en el evento&nbsp;D\u00eda De Los Muertos.<\/p>\n\n\n\n<p>Cu\u00e1ndo: Viernes 4 de noviembre. Celebraci\u00f3n a partir de las 8:45 PM<\/p>\n\n\n\n<p>D\u00f3nde: <a href=\"http:\/\/cfaer.org\/\">Center For The Arts Eagle Rock<\/a>,&nbsp;2225 Colorado Blvd. Los Angeles, 90041<\/p>\n\n\n\n<p>Este acto est\u00e1 patrocinado por una generosa subvenci\u00f3n de la Eastside Arts Initiative <a href=\"http:\/\/www.eastsideartsinitiative.org\/\">eastsideartsinitiative.org<\/a><br>Para m\u00e1s informaci\u00f3n sobre la innovadora programaci\u00f3n del Center for the Arts Eagle Rock visite <a href=\"http:\/\/www.cfaer.org\/\">cfaer.org<\/a><\/p>\n\n\n<div class=\"wp-block-image\">\n<figure class=\"aligncenter\"><a href=\"https:\/\/silverlakeblog.com\/wp-content\/uploads\/2016\/10\/Dis-De-noches.jpg\"><img decoding=\"async\" src=\"data:image\/svg+xml,%3Csvg%20xmlns='http:\/\/www.w3.org\/2000\/svg'%20viewBox='0%200%20370%20247'%3E%3C\/svg%3E\" data-lazy-src=\"https:\/\/silverlakeblog.com\/wp-content\/uploads\/2016\/10\/Dis-De-noches.jpg\" alt=\"Dia De Los Muertos en Eagle Rock | Best Eagle Rock Realtor | Eagle Rock CA Real Estate\" class=\"zeen-lazy-load-base zeen-lazy-load wp-image-53947\"><noscript><img decoding=\"async\" width=\"720\" height=\"274\" src=\"https:\/\/silverlakeblog.com\/wp-content\/uploads\/2016\/10\/Dis-De-noches.jpg\" alt=\"Dia De Los Muertos en Eagle Rock | Best Eagle Rock Realtor | Eagle Rock CA Real Estate\" class=\"wp-image-53947\" srcset=\"https:\/\/silverlakeblog.com\/wp-content\/uploads\/2016\/10\/Dis-De-noches.jpg 720w, https:\/\/silverlakeblog.com\/wp-content\/uploads\/2016\/10\/Dis-De-noches-300x114.jpg 300w, https:\/\/silverlakeblog.com\/wp-content\/uploads\/2016\/10\/Dis-De-noches-330x126.jpg 330w, https:\/\/silverlakeblog.com\/wp-content\/uploads\/2016\/10\/Dis-De-noches-690x263.jpg 690w\" sizes=\"(max-width: 720px) 100vw, 720px\" \/><\/noscript><\/a><\/figure>\n<\/div>\n\n\n<h3 class=\"wp-block-heading\" id=\"h-\"><br><\/h3>\n\n\n\n<figure class=\"wp-block-gallery has-nested-images columns-default is-cropped wp-block-gallery-2 is-layout-flex wp-block-gallery-is-layout-flex\">\n<figure class=\"wp-block-image size-full\"><a href=\"https:\/\/shelhamergroup.com\/buying-a-home\/buy-a-home-with-us\/\" target=\"_blank\" rel=\"noreferrer noopener\"><img decoding=\"async\" src=\"data:image\/svg+xml,%3Csvg%20xmlns='http:\/\/www.w3.org\/2000\/svg'%20viewBox='0%200%20370%20247'%3E%3C\/svg%3E\" data-id=\"61623\" data-lazy-src=\"https:\/\/silverlakeblog.com\/wp-content\/uploads\/2023\/09\/6.png\" alt=\"\" class=\"zeen-lazy-load-base zeen-lazy-load wp-image-61623\"><noscript><img decoding=\"async\" width=\"1000\" height=\"1000\" data-id=\"61623\" src=\"https:\/\/silverlakeblog.com\/wp-content\/uploads\/2023\/09\/6.png\" alt=\"\" class=\"wp-image-61623\" srcset=\"https:\/\/silverlakeblog.com\/wp-content\/uploads\/2023\/09\/6.png 1000w, https:\/\/silverlakeblog.com\/wp-content\/uploads\/2023\/09\/6-300x300.png 300w, https:\/\/silverlakeblog.com\/wp-content\/uploads\/2023\/09\/6-100x100.png 100w, https:\/\/silverlakeblog.com\/wp-content\/uploads\/2023\/09\/6-770x770.png 770w, https:\/\/silverlakeblog.com\/wp-content\/uploads\/2023\/09\/6-293x293.png 293w, https:\/\/silverlakeblog.com\/wp-content\/uploads\/2023\/09\/6-390x390.png 390w, https:\/\/silverlakeblog.com\/wp-content\/uploads\/2023\/09\/6-585x585.png 585w, https:\/\/silverlakeblog.com\/wp-content\/uploads\/2023\/09\/6-900x900.png 900w\" sizes=\"(max-width: 1000px) 100vw, 1000px\" \/><\/noscript><\/a><\/figure>\n\n\n\n<figure class=\"wp-block-image size-full\"><a href=\"https:\/\/shelhamergroup.com\/selling-a-home\/sell-your-home-with-us\/\" target=\"_blank\" rel=\"noreferrer noopener\"><img decoding=\"async\" src=\"data:image\/svg+xml,%3Csvg%20xmlns='http:\/\/www.w3.org\/2000\/svg'%20viewBox='0%200%20370%20247'%3E%3C\/svg%3E\" data-id=\"61624\" data-lazy-src=\"https:\/\/silverlakeblog.com\/wp-content\/uploads\/2023\/09\/7.png\" alt=\"\" class=\"zeen-lazy-load-base zeen-lazy-load wp-image-61624\"><noscript><img decoding=\"async\" width=\"1000\" height=\"1000\" data-id=\"61624\" src=\"https:\/\/silverlakeblog.com\/wp-content\/uploads\/2023\/09\/7.png\" alt=\"\" class=\"wp-image-61624\" srcset=\"https:\/\/silverlakeblog.com\/wp-content\/uploads\/2023\/09\/7.png 1000w, https:\/\/silverlakeblog.com\/wp-content\/uploads\/2023\/09\/7-300x300.png 300w, https:\/\/silverlakeblog.com\/wp-content\/uploads\/2023\/09\/7-100x100.png 100w, https:\/\/silverlakeblog.com\/wp-content\/uploads\/2023\/09\/7-770x770.png 770w, https:\/\/silverlakeblog.com\/wp-content\/uploads\/2023\/09\/7-293x293.png 293w, https:\/\/silverlakeblog.com\/wp-content\/uploads\/2023\/09\/7-390x390.png 390w, https:\/\/silverlakeblog.com\/wp-content\/uploads\/2023\/09\/7-585x585.png 585w, https:\/\/silverlakeblog.com\/wp-content\/uploads\/2023\/09\/7-900x900.png 900w\" sizes=\"(max-width: 1000px) 100vw, 1000px\" \/><\/noscript><\/a><\/figure>\n\n\n\n<figure class=\"wp-block-image size-full\"><a href=\"https:\/\/seniorsalesexpert.com\/\" target=\"_blank\" rel=\"noreferrer noopener\"><img decoding=\"async\" src=\"data:image\/svg+xml,%3Csvg%20xmlns='http:\/\/www.w3.org\/2000\/svg'%20viewBox='0%200%20370%20247'%3E%3C\/svg%3E\" data-id=\"61621\" data-lazy-src=\"https:\/\/silverlakeblog.com\/wp-content\/uploads\/2023\/09\/8.png\" alt=\"\" class=\"zeen-lazy-load-base zeen-lazy-load wp-image-61621\"><noscript><img decoding=\"async\" width=\"1000\" height=\"1000\" data-id=\"61621\" src=\"https:\/\/silverlakeblog.com\/wp-content\/uploads\/2023\/09\/8.png\" alt=\"\" class=\"wp-image-61621\" srcset=\"https:\/\/silverlakeblog.com\/wp-content\/uploads\/2023\/09\/8.png 1000w, https:\/\/silverlakeblog.com\/wp-content\/uploads\/2023\/09\/8-300x300.png 300w, https:\/\/silverlakeblog.com\/wp-content\/uploads\/2023\/09\/8-100x100.png 100w, https:\/\/silverlakeblog.com\/wp-content\/uploads\/2023\/09\/8-770x770.png 770w, https:\/\/silverlakeblog.com\/wp-content\/uploads\/2023\/09\/8-293x293.png 293w, https:\/\/silverlakeblog.com\/wp-content\/uploads\/2023\/09\/8-390x390.png 390w, https:\/\/silverlakeblog.com\/wp-content\/uploads\/2023\/09\/8-585x585.png 585w, https:\/\/silverlakeblog.com\/wp-content\/uploads\/2023\/09\/8-900x900.png 900w\" sizes=\"(max-width: 1000px) 100vw, 1000px\" \/><\/noscript><\/a><\/figure>\n<\/figure>\n\n\n\n<hr class=\"wp-block-separator has-alpha-channel-opacity\">\n\n\n<div class=\"wp-block-image\">\n<figure class=\"aligncenter size-large is-resized\"><img decoding=\"async\" src=\"data:image\/svg+xml,%3Csvg%20xmlns='http:\/\/www.w3.org\/2000\/svg'%20viewBox='0%200%20457%20151'%3E%3C\/svg%3E\" data-lazy-src=\"https:\/\/silverlakeblog.com\/wp-content\/uploads\/2023\/03\/THE_SHELHAMER_GROUP_LOGO_BLACK-1024x335.png\" alt=\"\" class=\"zeen-lazy-load-base zeen-lazy-load wp-image-60467\" style=\"width:457px;height:151px\" width=\"457\" height=\"151\"><noscript><img decoding=\"async\" src=\"https:\/\/silverlakeblog.com\/wp-content\/uploads\/2023\/03\/THE_SHELHAMER_GROUP_LOGO_BLACK-1024x335.png\" alt=\"\" class=\"wp-image-60467\" style=\"width:457px;height:151px\" width=\"457\" height=\"151\"><\/noscript><\/figure>\n<\/div>\n\n<div class=\"wp-block-image\">\n<figure class=\"aligncenter size-large is-resized\"><a href=\"https:\/\/silverlakeblog.com\/wp-content\/uploads\/2023\/03\/Untitled-design.png\"><img decoding=\"async\" src=\"data:image\/svg+xml,%3Csvg%20xmlns='http:\/\/www.w3.org\/2000\/svg'%20viewBox='0%200%20300%20247'%3E%3C\/svg%3E\" data-lazy-src=\"https:\/\/silverlakeblog.com\/wp-content\/uploads\/2023\/09\/Untitled-design-edited.png\" alt=\"GLENN SHELHAMER | Grupo Shelhamer\" class=\"zeen-lazy-load-base zeen-lazy-load wp-image-61641\" style=\"aspect-ratio:1;object-fit:cover;width:300px\" width=\"300\"><noscript><img decoding=\"async\" src=\"https:\/\/silverlakeblog.com\/wp-content\/uploads\/2023\/09\/Untitled-design-edited.png\" alt=\"GLENN SHELHAMER | Grupo Shelhamer\" class=\"wp-image-61641\" style=\"aspect-ratio:1;object-fit:cover;width:300px\" width=\"300\"><\/noscript><\/a><\/figure>\n<\/div>\n\n\n<p><strong>Su experto inmobiliario en Eagle Rock<\/strong><\/p>\n\n\n\n<p>Soy un agente inmobiliario local con&nbsp;<strong><a href=\"http:\/\/www.shelhamergroup.com\/\">El Grupo Shelhamer Real Estate<\/a><\/strong>y ser\u00e1 un placer para m\u00ed ayudarle a encontrar la propiedad perfecta para llamar a casa en&nbsp;<a href=\"https:\/\/silverlakeblog.com\/eagle-rock-real-estate\/\">Eagle Rock<\/a>&nbsp;CA, o si usted est\u00e1 pensando en vender una casa, condominio o edificio multifamiliar en, Los Feliz, Silver Lake, Atwater Village, Glassell Park, Mount Washington, Hollywood Hills, o el centro de Los \u00c1ngeles, ser\u00eda un privilegio para ayudarle a obtener el mejor precio para la venta de su propiedad.<\/p>\n\n\n\n<p>Vamos a charlar alguna vez.&nbsp;310-913-9477 o&nbsp;<a href=\"https:\/\/silverlakeblog.com\/contact\/\">en contacto conmigo<\/a>.<\/p>\n\n\n\n<p><\/p>\n","protected":false},"excerpt":{"rendered":"<p>\u00abTodos sufrimos tres muertes. La primera muerte es el d\u00eda en que damos nuestro \u00faltimo aliento o el d\u00eda en que morimos. La segunda muerte es el d\u00eda en que nos entierran, para no volver a vernos sobre la faz de la Tierra. La tercera muerte, la m\u00e1s temida de todas, es ser olvidados\u00bb. Chicana Altarista, Ofelia Esparza de LA Mag \u00bfQu\u00e9 es el D\u00eda de los Muertos? Lanzada al mundo por las mentes creativas de Walt Disney Pictures en [&hellip;]<\/p>\n","protected":false},"author":2,"featured_media":62062,"comment_status":"closed","ping_status":"closed","sticky":false,"template":"","format":"standard","meta":{"cos_headline_score":0,"cos_seo_score":0,"cos_headline_text":"D\u00eda de los Muertos en Los \u00c1ngeles 2023 | Programa de eventos en Los \u00c1ngeles","cos_headline_has_been_analyzed":false,"cos_last_analyzed_headline":[],"_exactmetrics_skip_tracking":false,"_exactmetrics_sitenote_active":false,"_exactmetrics_sitenote_note":"","_exactmetrics_sitenote_category":0,"_jetpack_memberships_contains_paid_content":false,"footnotes":""},"categories":[3799],"tags":[3802,3800,3803,3801],"class_list":["post-62047","post","type-post","status-publish","format-standard","has-post-thumbnail","hentry","category-roca-del-aguila","tag-eagle-rock-arts-es","tag-eagle-rock-ca-bienes-raices","tag-servicios-inmobiliarios-de-eagle-rock","tag-vivir-en-eagle-rock"],"contentshake_article_id":"","yoast_head":"<!-- This site is optimized with the Yoast SEO Premium plugin v25.2 (Yoast SEO v27.5) - https:\/\/yoast.com\/product\/yoast-seo-premium-wordpress\/ -->\n<title>2023 D\u00eda De Los Muertos Eventos en Los Angeles California<\/title>\n<meta name=\"description\" content=\"Celebre el D\u00eda de los Muertos en Los \u00c1ngeles con estas actividades. \u00a1Encuentra la lista definitiva de eventos para 2023 aqu\u00ed, en Silverlake Blog!\" \/>\n<meta name=\"robots\" content=\"index, follow, max-snippet:-1, max-image-preview:large, max-video-preview:-1\" \/>\n<link rel=\"canonical\" href=\"https:\/\/silverlakeblog.com\/es\/dia-de-los-muertos-los-angeles\/\" \/>\n<meta property=\"og:locale\" content=\"es_ES\" \/>\n<meta property=\"og:type\" content=\"article\" \/>\n<meta property=\"og:title\" content=\"D\u00eda de los Muertos en Los \u00c1ngeles 2023 | Programa de eventos en Los \u00c1ngeles\" \/>\n<meta property=\"og:description\" content=\"Celebre el D\u00eda de los Muertos en Los \u00c1ngeles con estas actividades. \u00a1Encuentra la lista definitiva de eventos para 2023 aqu\u00ed, en Silverlake Blog!\" \/>\n<meta property=\"og:url\" content=\"https:\/\/silverlakeblog.com\/es\/dia-de-los-muertos-los-angeles\/\" \/>\n<meta property=\"og:site_name\" content=\"Silver Lake Blog | Real Estate Listings | Homes for Sale\" \/>\n<meta property=\"article:publisher\" content=\"https:\/\/www.facebook.com\/silverlakeblog\/\" \/>\n<meta property=\"article:published_time\" content=\"2023-10-18T14:09:39+00:00\" \/>\n<meta property=\"og:image\" content=\"https:\/\/silverlakeblog.com\/wp-content\/uploads\/2016\/10\/LRC_8532.webp\" \/>\n\t<meta property=\"og:image:width\" content=\"2048\" \/>\n\t<meta property=\"og:image:height\" content=\"1366\" \/>\n\t<meta property=\"og:image:type\" content=\"image\/webp\" \/>\n<meta name=\"author\" content=\"Glenn Shelhamer\" \/>\n<meta name=\"twitter:card\" content=\"summary_large_image\" \/>\n<meta name=\"twitter:creator\" content=\"@glennshelhamer\" \/>\n<meta name=\"twitter:site\" content=\"@glennshelhamer\" \/>\n<meta name=\"twitter:label1\" content=\"Escrito por\" \/>\n\t<meta name=\"twitter:data1\" content=\"Glenn Shelhamer\" \/>\n\t<meta name=\"twitter:label2\" content=\"Tiempo de lectura\" \/>\n\t<meta name=\"twitter:data2\" content=\"20 minutos\" \/>\n<script type=\"application\/ld+json\" class=\"yoast-schema-graph\">{\"@context\":\"https:\\\/\\\/schema.org\",\"@graph\":[{\"@type\":\"Article\",\"@id\":\"https:\\\/\\\/silverlakeblog.com\\\/es\\\/dia-de-los-muertos-los-angeles\\\/#article\",\"isPartOf\":{\"@id\":\"https:\\\/\\\/silverlakeblog.com\\\/es\\\/dia-de-los-muertos-los-angeles\\\/\"},\"author\":{\"name\":\"Glenn Shelhamer\",\"@id\":\"https:\\\/\\\/silverlakeblog.com\\\/es\\\/#\\\/schema\\\/person\\\/15fb91f4ed0ceeeb8fdf409ff51cf45f\"},\"headline\":\"D\u00eda de los Muertos en Los \u00c1ngeles 2023 | Programa de eventos en Los \u00c1ngeles\",\"datePublished\":\"2023-10-18T14:09:39+00:00\",\"mainEntityOfPage\":{\"@id\":\"https:\\\/\\\/silverlakeblog.com\\\/es\\\/dia-de-los-muertos-los-angeles\\\/\"},\"wordCount\":3745,\"publisher\":{\"@id\":\"https:\\\/\\\/silverlakeblog.com\\\/es\\\/#organization\"},\"image\":{\"@id\":\"https:\\\/\\\/silverlakeblog.com\\\/es\\\/dia-de-los-muertos-los-angeles\\\/#primaryimage\"},\"thumbnailUrl\":\"https:\\\/\\\/silverlakeblog.com\\\/wp-content\\\/uploads\\\/2016\\\/10\\\/LRC_8532.webp\",\"keywords\":[\"Eagle Rock Arts\",\"Eagle Rock CA Bienes Ra\u00edces\",\"Servicios inmobiliarios de Eagle Rock\",\"Vivir en Eagle Rock\"],\"articleSection\":[\"Roca del \u00c1guila\"],\"inLanguage\":\"es\"},{\"@type\":\"WebPage\",\"@id\":\"https:\\\/\\\/silverlakeblog.com\\\/es\\\/dia-de-los-muertos-los-angeles\\\/\",\"url\":\"https:\\\/\\\/silverlakeblog.com\\\/es\\\/dia-de-los-muertos-los-angeles\\\/\",\"name\":\"2023 D\u00eda De Los Muertos Eventos en Los Angeles California\",\"isPartOf\":{\"@id\":\"https:\\\/\\\/silverlakeblog.com\\\/es\\\/#website\"},\"primaryImageOfPage\":{\"@id\":\"https:\\\/\\\/silverlakeblog.com\\\/es\\\/dia-de-los-muertos-los-angeles\\\/#primaryimage\"},\"image\":{\"@id\":\"https:\\\/\\\/silverlakeblog.com\\\/es\\\/dia-de-los-muertos-los-angeles\\\/#primaryimage\"},\"thumbnailUrl\":\"https:\\\/\\\/silverlakeblog.com\\\/wp-content\\\/uploads\\\/2016\\\/10\\\/LRC_8532.webp\",\"datePublished\":\"2023-10-18T14:09:39+00:00\",\"description\":\"Celebre el D\u00eda de los Muertos en Los \u00c1ngeles con estas actividades. \u00a1Encuentra la lista definitiva de eventos para 2023 aqu\u00ed, en Silverlake Blog!\",\"breadcrumb\":{\"@id\":\"https:\\\/\\\/silverlakeblog.com\\\/es\\\/dia-de-los-muertos-los-angeles\\\/#breadcrumb\"},\"inLanguage\":\"es\",\"potentialAction\":[{\"@type\":\"ReadAction\",\"target\":[\"https:\\\/\\\/silverlakeblog.com\\\/es\\\/dia-de-los-muertos-los-angeles\\\/\"]}]},{\"@type\":\"ImageObject\",\"inLanguage\":\"es\",\"@id\":\"https:\\\/\\\/silverlakeblog.com\\\/es\\\/dia-de-los-muertos-los-angeles\\\/#primaryimage\",\"url\":\"https:\\\/\\\/silverlakeblog.com\\\/wp-content\\\/uploads\\\/2016\\\/10\\\/LRC_8532.webp\",\"contentUrl\":\"https:\\\/\\\/silverlakeblog.com\\\/wp-content\\\/uploads\\\/2016\\\/10\\\/LRC_8532.webp\",\"width\":2048,\"height\":1366},{\"@type\":\"BreadcrumbList\",\"@id\":\"https:\\\/\\\/silverlakeblog.com\\\/es\\\/dia-de-los-muertos-los-angeles\\\/#breadcrumb\",\"itemListElement\":[{\"@type\":\"ListItem\",\"position\":1,\"name\":\"Home\",\"item\":\"https:\\\/\\\/silverlakeblog.com\\\/es\\\/\"},{\"@type\":\"ListItem\",\"position\":2,\"name\":\"D\u00eda de los Muertos en Los \u00c1ngeles 2023 | Programa de eventos en Los \u00c1ngeles\"}]},{\"@type\":\"WebSite\",\"@id\":\"https:\\\/\\\/silverlakeblog.com\\\/es\\\/#website\",\"url\":\"https:\\\/\\\/silverlakeblog.com\\\/es\\\/\",\"name\":\"Silver Lake Blog | Real Estate Listings | Homes for Sale\",\"description\":\"Houses &amp; Local Stories from the Eastside of L.A.\",\"publisher\":{\"@id\":\"https:\\\/\\\/silverlakeblog.com\\\/es\\\/#organization\"},\"potentialAction\":[{\"@type\":\"SearchAction\",\"target\":{\"@type\":\"EntryPoint\",\"urlTemplate\":\"https:\\\/\\\/silverlakeblog.com\\\/es\\\/?s={search_term_string}\"},\"query-input\":{\"@type\":\"PropertyValueSpecification\",\"valueRequired\":true,\"valueName\":\"search_term_string\"}}],\"inLanguage\":\"es\"},{\"@type\":\"Organization\",\"@id\":\"https:\\\/\\\/silverlakeblog.com\\\/es\\\/#organization\",\"name\":\"Silver Lake Blog | Real Estate Listings | Homes for Sale\",\"url\":\"https:\\\/\\\/silverlakeblog.com\\\/es\\\/\",\"logo\":{\"@type\":\"ImageObject\",\"inLanguage\":\"es\",\"@id\":\"https:\\\/\\\/silverlakeblog.com\\\/es\\\/#\\\/schema\\\/logo\\\/image\\\/\",\"url\":\"https:\\\/\\\/silverlakeblog.com\\\/wp-content\\\/uploads\\\/2023\\\/03\\\/Mobile-Logo-1.png\",\"contentUrl\":\"https:\\\/\\\/silverlakeblog.com\\\/wp-content\\\/uploads\\\/2023\\\/03\\\/Mobile-Logo-1.png\",\"width\":396,\"height\":287,\"caption\":\"Silver Lake Blog | Real Estate Listings | Homes for Sale\"},\"image\":{\"@id\":\"https:\\\/\\\/silverlakeblog.com\\\/es\\\/#\\\/schema\\\/logo\\\/image\\\/\"},\"sameAs\":[\"https:\\\/\\\/www.facebook.com\\\/silverlakeblog\\\/\",\"https:\\\/\\\/x.com\\\/glennshelhamer\"]},{\"@type\":\"Person\",\"@id\":\"https:\\\/\\\/silverlakeblog.com\\\/es\\\/#\\\/schema\\\/person\\\/15fb91f4ed0ceeeb8fdf409ff51cf45f\",\"name\":\"Glenn Shelhamer\",\"image\":{\"@type\":\"ImageObject\",\"inLanguage\":\"es\",\"@id\":\"https:\\\/\\\/secure.gravatar.com\\\/avatar\\\/f69de8fc4d2482aa482c89a712d919e3f04f0b5761bb39bb6bbcf6060a3a5f93?s=96&d=mm&r=g\",\"url\":\"https:\\\/\\\/secure.gravatar.com\\\/avatar\\\/f69de8fc4d2482aa482c89a712d919e3f04f0b5761bb39bb6bbcf6060a3a5f93?s=96&d=mm&r=g\",\"contentUrl\":\"https:\\\/\\\/secure.gravatar.com\\\/avatar\\\/f69de8fc4d2482aa482c89a712d919e3f04f0b5761bb39bb6bbcf6060a3a5f93?s=96&d=mm&r=g\",\"caption\":\"Glenn Shelhamer\"},\"url\":\"https:\\\/\\\/silverlakeblog.com\\\/es\\\/author\\\/glenn-shelhamer\\\/\"}]}<\/script>\n<!-- \/ Yoast SEO Premium plugin. -->","yoast_head_json":{"title":"2023 D\u00eda De Los Muertos Eventos en Los Angeles California","description":"Celebre el D\u00eda de los Muertos en Los \u00c1ngeles con estas actividades. \u00a1Encuentra la lista definitiva de eventos para 2023 aqu\u00ed, en Silverlake Blog!","robots":{"index":"index","follow":"follow","max-snippet":"max-snippet:-1","max-image-preview":"max-image-preview:large","max-video-preview":"max-video-preview:-1"},"canonical":"https:\/\/silverlakeblog.com\/es\/dia-de-los-muertos-los-angeles\/","og_locale":"es_ES","og_type":"article","og_title":"D\u00eda de los Muertos en Los \u00c1ngeles 2023 | Programa de eventos en Los \u00c1ngeles","og_description":"Celebre el D\u00eda de los Muertos en Los \u00c1ngeles con estas actividades. \u00a1Encuentra la lista definitiva de eventos para 2023 aqu\u00ed, en Silverlake Blog!","og_url":"https:\/\/silverlakeblog.com\/es\/dia-de-los-muertos-los-angeles\/","og_site_name":"Silver Lake Blog | Real Estate Listings | Homes for Sale","article_publisher":"https:\/\/www.facebook.com\/silverlakeblog\/","article_published_time":"2023-10-18T14:09:39+00:00","og_image":[{"width":2048,"height":1366,"url":"https:\/\/silverlakeblog.com\/wp-content\/uploads\/2016\/10\/LRC_8532.webp","type":"image\/webp"}],"author":"Glenn Shelhamer","twitter_card":"summary_large_image","twitter_creator":"@glennshelhamer","twitter_site":"@glennshelhamer","twitter_misc":{"Escrito por":"Glenn Shelhamer","Tiempo de lectura":"20 minutos"},"schema":{"@context":"https:\/\/schema.org","@graph":[{"@type":"Article","@id":"https:\/\/silverlakeblog.com\/es\/dia-de-los-muertos-los-angeles\/#article","isPartOf":{"@id":"https:\/\/silverlakeblog.com\/es\/dia-de-los-muertos-los-angeles\/"},"author":{"name":"Glenn Shelhamer","@id":"https:\/\/silverlakeblog.com\/es\/#\/schema\/person\/15fb91f4ed0ceeeb8fdf409ff51cf45f"},"headline":"D\u00eda de los Muertos en Los \u00c1ngeles 2023 | Programa de eventos en Los \u00c1ngeles","datePublished":"2023-10-18T14:09:39+00:00","mainEntityOfPage":{"@id":"https:\/\/silverlakeblog.com\/es\/dia-de-los-muertos-los-angeles\/"},"wordCount":3745,"publisher":{"@id":"https:\/\/silverlakeblog.com\/es\/#organization"},"image":{"@id":"https:\/\/silverlakeblog.com\/es\/dia-de-los-muertos-los-angeles\/#primaryimage"},"thumbnailUrl":"https:\/\/silverlakeblog.com\/wp-content\/uploads\/2016\/10\/LRC_8532.webp","keywords":["Eagle Rock Arts","Eagle Rock CA Bienes Ra\u00edces","Servicios inmobiliarios de Eagle Rock","Vivir en Eagle Rock"],"articleSection":["Roca del \u00c1guila"],"inLanguage":"es"},{"@type":"WebPage","@id":"https:\/\/silverlakeblog.com\/es\/dia-de-los-muertos-los-angeles\/","url":"https:\/\/silverlakeblog.com\/es\/dia-de-los-muertos-los-angeles\/","name":"2023 D\u00eda De Los Muertos Eventos en Los Angeles California","isPartOf":{"@id":"https:\/\/silverlakeblog.com\/es\/#website"},"primaryImageOfPage":{"@id":"https:\/\/silverlakeblog.com\/es\/dia-de-los-muertos-los-angeles\/#primaryimage"},"image":{"@id":"https:\/\/silverlakeblog.com\/es\/dia-de-los-muertos-los-angeles\/#primaryimage"},"thumbnailUrl":"https:\/\/silverlakeblog.com\/wp-content\/uploads\/2016\/10\/LRC_8532.webp","datePublished":"2023-10-18T14:09:39+00:00","description":"Celebre el D\u00eda de los Muertos en Los \u00c1ngeles con estas actividades. \u00a1Encuentra la lista definitiva de eventos para 2023 aqu\u00ed, en Silverlake Blog!","breadcrumb":{"@id":"https:\/\/silverlakeblog.com\/es\/dia-de-los-muertos-los-angeles\/#breadcrumb"},"inLanguage":"es","potentialAction":[{"@type":"ReadAction","target":["https:\/\/silverlakeblog.com\/es\/dia-de-los-muertos-los-angeles\/"]}]},{"@type":"ImageObject","inLanguage":"es","@id":"https:\/\/silverlakeblog.com\/es\/dia-de-los-muertos-los-angeles\/#primaryimage","url":"https:\/\/silverlakeblog.com\/wp-content\/uploads\/2016\/10\/LRC_8532.webp","contentUrl":"https:\/\/silverlakeblog.com\/wp-content\/uploads\/2016\/10\/LRC_8532.webp","width":2048,"height":1366},{"@type":"BreadcrumbList","@id":"https:\/\/silverlakeblog.com\/es\/dia-de-los-muertos-los-angeles\/#breadcrumb","itemListElement":[{"@type":"ListItem","position":1,"name":"Home","item":"https:\/\/silverlakeblog.com\/es\/"},{"@type":"ListItem","position":2,"name":"D\u00eda de los Muertos en Los \u00c1ngeles 2023 | Programa de eventos en Los \u00c1ngeles"}]},{"@type":"WebSite","@id":"https:\/\/silverlakeblog.com\/es\/#website","url":"https:\/\/silverlakeblog.com\/es\/","name":"Silver Lake Blog | Real Estate Listings | Homes for Sale","description":"Houses &amp; Local Stories from the Eastside of L.A.","publisher":{"@id":"https:\/\/silverlakeblog.com\/es\/#organization"},"potentialAction":[{"@type":"SearchAction","target":{"@type":"EntryPoint","urlTemplate":"https:\/\/silverlakeblog.com\/es\/?s={search_term_string}"},"query-input":{"@type":"PropertyValueSpecification","valueRequired":true,"valueName":"search_term_string"}}],"inLanguage":"es"},{"@type":"Organization","@id":"https:\/\/silverlakeblog.com\/es\/#organization","name":"Silver Lake Blog | Real Estate Listings | Homes for Sale","url":"https:\/\/silverlakeblog.com\/es\/","logo":{"@type":"ImageObject","inLanguage":"es","@id":"https:\/\/silverlakeblog.com\/es\/#\/schema\/logo\/image\/","url":"https:\/\/silverlakeblog.com\/wp-content\/uploads\/2023\/03\/Mobile-Logo-1.png","contentUrl":"https:\/\/silverlakeblog.com\/wp-content\/uploads\/2023\/03\/Mobile-Logo-1.png","width":396,"height":287,"caption":"Silver Lake Blog | Real Estate Listings | Homes for Sale"},"image":{"@id":"https:\/\/silverlakeblog.com\/es\/#\/schema\/logo\/image\/"},"sameAs":["https:\/\/www.facebook.com\/silverlakeblog\/","https:\/\/x.com\/glennshelhamer"]},{"@type":"Person","@id":"https:\/\/silverlakeblog.com\/es\/#\/schema\/person\/15fb91f4ed0ceeeb8fdf409ff51cf45f","name":"Glenn Shelhamer","image":{"@type":"ImageObject","inLanguage":"es","@id":"https:\/\/secure.gravatar.com\/avatar\/f69de8fc4d2482aa482c89a712d919e3f04f0b5761bb39bb6bbcf6060a3a5f93?s=96&d=mm&r=g","url":"https:\/\/secure.gravatar.com\/avatar\/f69de8fc4d2482aa482c89a712d919e3f04f0b5761bb39bb6bbcf6060a3a5f93?s=96&d=mm&r=g","contentUrl":"https:\/\/secure.gravatar.com\/avatar\/f69de8fc4d2482aa482c89a712d919e3f04f0b5761bb39bb6bbcf6060a3a5f93?s=96&d=mm&r=g","caption":"Glenn Shelhamer"},"url":"https:\/\/silverlakeblog.com\/es\/author\/glenn-shelhamer\/"}]}},"jetpack_featured_media_url":"https:\/\/silverlakeblog.com\/wp-content\/uploads\/2016\/10\/LRC_8532.webp","jetpack_sharing_enabled":true,"_links":{"self":[{"href":"https:\/\/silverlakeblog.com\/es\/wp-json\/wp\/v2\/posts\/62047","targetHints":{"allow":["GET"]}}],"collection":[{"href":"https:\/\/silverlakeblog.com\/es\/wp-json\/wp\/v2\/posts"}],"about":[{"href":"https:\/\/silverlakeblog.com\/es\/wp-json\/wp\/v2\/types\/post"}],"author":[{"embeddable":true,"href":"https:\/\/silverlakeblog.com\/es\/wp-json\/wp\/v2\/users\/2"}],"replies":[{"embeddable":true,"href":"https:\/\/silverlakeblog.com\/es\/wp-json\/wp\/v2\/comments?post=62047"}],"version-history":[{"count":3,"href":"https:\/\/silverlakeblog.com\/es\/wp-json\/wp\/v2\/posts\/62047\/revisions"}],"predecessor-version":[{"id":72567,"href":"https:\/\/silverlakeblog.com\/es\/wp-json\/wp\/v2\/posts\/62047\/revisions\/72567"}],"wp:featuredmedia":[{"embeddable":true,"href":"https:\/\/silverlakeblog.com\/es\/wp-json\/wp\/v2\/media\/62062"}],"wp:attachment":[{"href":"https:\/\/silverlakeblog.com\/es\/wp-json\/wp\/v2\/media?parent=62047"}],"wp:term":[{"taxonomy":"category","embeddable":true,"href":"https:\/\/silverlakeblog.com\/es\/wp-json\/wp\/v2\/categories?post=62047"},{"taxonomy":"post_tag","embeddable":true,"href":"https:\/\/silverlakeblog.com\/es\/wp-json\/wp\/v2\/tags?post=62047"}],"curies":[{"name":"wp","href":"https:\/\/api.w.org\/{rel}","templated":true}]}}